{"id":915,"date":"2023-12-23T20:35:20","date_gmt":"2023-12-23T20:35:20","guid":{"rendered":"https:\/\/parafiaszczodrowo.pl\/?p=915"},"modified":"2023-12-30T11:41:46","modified_gmt":"2023-12-30T11:41:46","slug":"ogloszenia-z-24-12-2023","status":"publish","type":"post","link":"https:\/\/parafiaszczodrowo.pl\/?p=915","title":{"rendered":"Og\u0142oszenia z 24.12.2023"},"content":{"rendered":"<p><!--more--><\/p>\n<p style=\"text-align: center;\"><strong>OG\u0141OSZENIA PARAFIALNE<\/strong><\/p>\n<p style=\"text-align: center;\"><strong>IV NIEDZIELA\u00a0 ADWENTU<\/strong><\/p>\n<ol style=\"text-align: justify;\">\n<li>Dzisiejsza, czwarta niedziela, ko\u0144czy czas Adwentu. Ju\u017c dzisiaj wieczorem, zasi\u0105dziemy do wsp\u00f3lnego sto\u0142u wigilijnego z najbli\u017cszymi. Niech b\u0119dzie to czas pokoju i rado\u015bci w naszych rodzinach. Odrzu\u0107my wszelkie podzia\u0142y, podzielmy si\u0119 op\u0142atkiem, za\u015bpiewajmy kol\u0119d\u0119 i cieszmy si\u0119 z tego, \u017ce Pan jest w\u015br\u00f3d nas.<\/li>\n<li>Z ca\u0142ego serca dzi\u0119kuj\u0119 wszystkim osobom, kt\u00f3rzy przygotowa\u0142y \u017c\u0142\u00f3bek, choinki, wystr\u00f3j \u015bwi\u0105teczny, nowe obrusy na o\u0142tarz. Dzi\u0119ki Wam nasza \u015bwi\u0105tynia wygl\u0105da przepi\u0119knie.<\/li>\n<li><strong>W Wigili\u0119 Narodzenia Pa\u0144skiego porz\u0105dek Mszy \u015bw. jest nast\u0119puj\u0105cy:<\/strong><\/li>\n<\/ol>\n<p style=\"text-align: justify;\"><strong>10.30<\/strong> \u2013 Msza z IV Niedzieli Adwentu<\/p>\n<p style=\"text-align: justify;\"><strong>22.00<\/strong> \u2013 Msza wigilijna<\/p>\n<p style=\"text-align: justify;\"><strong>24.00<\/strong> \u2013 Pasterka<\/p>\n<p style=\"text-align: justify;\"><strong><u>Tego dnia nie b\u0119dzie Mszy o godz. 8.30!<\/u><\/strong><\/p>\n<ol style=\"text-align: justify;\" start=\"4\">\n<li><strong>Msze \u015bw. w Uroczysto\u015b\u0107 Narodzenia Pa\u0144skiego<\/strong> b\u0119d\u0105 o godz. 9.00 i 11.00. <strong>W II \u015awi\u0119to Narodzenia Pa\u0144skiego<\/strong> o godz. 8.30 i 10.30<\/li>\n<\/ol>\n<ol style=\"text-align: justify;\" start=\"5\">\n<li>W imieniu Fundacji Ma\u0142ych St\u00f3pek sk\u0142adam serdeczne podzi\u0119kowanie za udzia\u0142 w \u015bwi\u0105tecznej zbi\u00f3rce \u201e<em>Paczuszka dla Maluszka<\/em>\u201d.<\/li>\n<\/ol>\n<ol style=\"text-align: justify;\" start=\"6\">\n<li><strong><u>W tym tygodniu wspominamy:<\/u><\/strong><\/li>\n<\/ol>\n<ul style=\"text-align: justify;\">\n<li>We wtorek \u2013 \u015bw. Szczepana<\/li>\n<li>W \u015brod\u0119 \u2013 \u015bw. Jana Ewangelisty<\/li>\n<li>W czwartek \u2013 \u015awi\u0119tych M\u0142odziank\u00f3w<\/li>\n<\/ul>\n<ol style=\"text-align: justify;\" start=\"7\">\n<li>W przysz\u0142\u0105 niedziel\u0119, jest Uroczysto\u015b\u0107 \u015awi\u0119tej Rodziny: Jezusa, Maryi i J\u00f3zefa. Jest to ostatni dzie\u0144 roku kalendarzowego. Nie zapomnijmy podzi\u0119kowa\u0107 Bogu za miniony czas, prosz\u0105c Go o b\u0142ogos\u0142awie\u0144stwo na ca\u0142y Nowy Rok 2024<\/li>\n<\/ol>\n<ol style=\"text-align: justify;\" start=\"8\">\n<li>Od 28 grudnia rozpoczyna si\u0119 czas wizyt duszpasterskich, zwanych kol\u0119dami. Co niedziel\u0119 b\u0119d\u0119 podawa\u0142 plan na najbli\u017cszy tydzie\u0144. Je\u015bli cokolwiek, w wyniku wypadk\u00f3w losowych, ulegnie zmianie, b\u0119d\u0119 o tym niezw\u0142ocznie informowa\u0142. Od tego roku, nie trzeba sk\u0142ada\u0107 zaprosze\u0144, lecz b\u0119d\u0119 stara\u0142 si\u0119 odwiedzi\u0107 wszystkich parafian, kt\u00f3rzy sobie tego \u017cycz\u0105.<\/li>\n<\/ol>\n","protected":false},"excerpt":{"rendered":"","protected":false},"author":1,"featured_media":0,"comment_status":"closed","ping_status":"","sticky":false,"template":"","format":"standard","meta":{"footnotes":""},"categories":[2],"tags":[],"class_list":{"0":"entry","1":"post","2":"publish","3":"author-admin","4":"has-more-link","5":"post-915","7":"format-standard","8":"category-ogloszenia-parafialne"},"_links":{"self":[{"href":"https:\/\/parafiaszczodrowo.pl\/index.php?rest_route=\/wp\/v2\/posts\/915","targetHints":{"allow":["GET"]}}],"collection":[{"href":"https:\/\/parafiaszczodrowo.pl\/index.php?rest_route=\/wp\/v2\/posts"}],"about":[{"href":"https:\/\/parafiaszczodrowo.pl\/index.php?rest_route=\/wp\/v2\/types\/post"}],"author":[{"embeddable":true,"href":"https:\/\/parafiaszczodrowo.pl\/index.php?rest_route=\/wp\/v2\/users\/1"}],"replies":[{"embeddable":true,"href":"https:\/\/parafiaszczodrowo.pl\/index.php?rest_route=%2Fwp%2Fv2%2Fcomments&post=915"}],"version-history":[{"count":1,"href":"https:\/\/parafiaszczodrowo.pl\/index.php?rest_route=\/wp\/v2\/posts\/915\/revisions"}],"predecessor-version":[{"id":916,"href":"https:\/\/parafiaszczodrowo.pl\/index.php?rest_route=\/wp\/v2\/posts\/915\/revisions\/916"}],"wp:attachment":[{"href":"https:\/\/parafiaszczodrowo.pl\/index.php?rest_route=%2Fwp%2Fv2%2Fmedia&parent=915"}],"wp:term":[{"taxonomy":"category","embeddable":true,"href":"https:\/\/parafiaszczodrowo.pl\/index.php?rest_route=%2Fwp%2Fv2%2Fcategories&post=915"},{"taxonomy":"post_tag","embeddable":true,"href":"https:\/\/parafiaszczodrowo.pl\/index.php?rest_route=%2Fwp%2Fv2%2Ftags&post=915"}],"curies":[{"name":"wp","href":"https:\/\/api.w.org\/{rel}","templated":true}]}}