{"id":903,"date":"2023-12-12T18:23:25","date_gmt":"2023-12-12T18:23:25","guid":{"rendered":"https:\/\/parafiaszczodrowo.pl\/?p=903"},"modified":"2023-12-12T18:23:25","modified_gmt":"2023-12-12T18:23:25","slug":"ogloszenia-z-10-12-2023","status":"publish","type":"post","link":"https:\/\/parafiaszczodrowo.pl\/?p=903","title":{"rendered":"Og\u0142oszenia z 10.12.2023"},"content":{"rendered":"<p><!--more--><\/p>\n<p style=\"text-align: center;\"><strong>OG\u0141OSZENIA PARAFIALNE<\/strong><\/p>\n<p style=\"text-align: center;\"><strong>II NIEDZIELA\u00a0 ADWENTU<\/strong><\/p>\n<p style=\"text-align: justify;\"><strong>\u00a0<\/strong><\/p>\n<ol style=\"text-align: justify;\">\n<li>W dzisiejsz\u0105 niedziel\u0119, jest zbi\u00f3rka do puszek, na rzecz pomocy materialnej Ko\u015bcio\u0142owi katolickiemu na Wschodzie.<\/li>\n<li>Spowied\u017a przed\u015bwi\u0105teczna w naszej Parafii, z udzia\u0142em kap\u0142an\u00f3w naszego dekanatu b\u0119dzie w czwartek 14 grudnia w godzinach od 18.00 do 19.00.Zach\u0119cam, aby nie odk\u0142ada\u0107 spowiedzi na sam koniec adwentu, poniewa\u017c jestem zobowi\u0105zany do pomocy w spowiedziach w innych parafiach!<\/li>\n<li>W zakrystii i biurze parafialnym, mo\u017cna naby\u0107 op\u0142atek wigilijny.<\/li>\n<li>Roraty w naszej \u015bwi\u0105tyni s\u0105 od poniedzia\u0142ku do pi\u0105tku o godz. 17.00 Zapraszam serdecznie wszystkich parafian. Dzieci przynosz\u0105 ze sob\u0105 ka\u017cdego dnia lampiony i serduszka z imieniem i nazwiskiem. B\u0119d\u0105 losowane r\u00f3\u017cne nagrody.<\/li>\n<li>Fundacja Ma\u0142ych St\u00f3pek zaprasza do udzia\u0142u w \u015bwi\u0105tecznej zbi\u00f3rce \u201e<em>Paczuszka dla Maluszka<\/em>\u201d. Zgromadzone dary, trafi\u0105 do dom\u00f3w samotnej matki, hospicj\u00f3w i dom\u00f3w dziecka w ca\u0142ej Polsce. Potrzebne s\u0105 przede wszystkim: <strong>myd\u0142a, szampony, \u017cele do k\u0105pieli, proszki i p\u0142yny do prania, nowe ubrania dla dzieci i pieluszki. <\/strong><u>Czas zbi\u00f3rki do 22 grudnia.<\/u> Dary sk\u0142adamy u Pani katechetki z naszej Szko\u0142y Podstawowej albo w ko\u015bciele lub na plebanii.<\/li>\n<li><strong>W tym tygodniu wspominamy:<\/strong><\/li>\n<\/ol>\n<ul style=\"text-align: justify;\">\n<li><u>W \u015brod\u0119<\/u> \u2013 \u015bw. \u0141ucji, dziewicy i m\u0119czennicy<\/li>\n<li><u>W czwartek<\/u> \u2013 \u015bw. Jana od Krzy\u017ca, prezbitera i doktora Ko\u015bcio\u0142a.<\/li>\n<\/ul>\n<p style=\"text-align: justify;\">\n<p style=\"text-align: justify;\">\n<p style=\"text-align: justify;\">\n","protected":false},"excerpt":{"rendered":"","protected":false},"author":1,"featured_media":0,"comment_status":"closed","ping_status":"","sticky":false,"template":"","format":"standard","meta":{"footnotes":""},"categories":[2],"tags":[],"class_list":{"0":"entry","1":"post","2":"publish","3":"author-admin","4":"has-more-link","5":"post-903","7":"format-standard","8":"category-ogloszenia-parafialne"},"_links":{"self":[{"href":"https:\/\/parafiaszczodrowo.pl\/index.php?rest_route=\/wp\/v2\/posts\/903","targetHints":{"allow":["GET"]}}],"collection":[{"href":"https:\/\/parafiaszczodrowo.pl\/index.php?rest_route=\/wp\/v2\/posts"}],"about":[{"href":"https:\/\/parafiaszczodrowo.pl\/index.php?rest_route=\/wp\/v2\/types\/post"}],"author":[{"embeddable":true,"href":"https:\/\/parafiaszczodrowo.pl\/index.php?rest_route=\/wp\/v2\/users\/1"}],"replies":[{"embeddable":true,"href":"https:\/\/parafiaszczodrowo.pl\/index.php?rest_route=%2Fwp%2Fv2%2Fcomments&post=903"}],"version-history":[{"count":1,"href":"https:\/\/parafiaszczodrowo.pl\/index.php?rest_route=\/wp\/v2\/posts\/903\/revisions"}],"predecessor-version":[{"id":904,"href":"https:\/\/parafiaszczodrowo.pl\/index.php?rest_route=\/wp\/v2\/posts\/903\/revisions\/904"}],"wp:attachment":[{"href":"https:\/\/parafiaszczodrowo.pl\/index.php?rest_route=%2Fwp%2Fv2%2Fmedia&parent=903"}],"wp:term":[{"taxonomy":"category","embeddable":true,"href":"https:\/\/parafiaszczodrowo.pl\/index.php?rest_route=%2Fwp%2Fv2%2Fcategories&post=903"},{"taxonomy":"post_tag","embeddable":true,"href":"https:\/\/parafiaszczodrowo.pl\/index.php?rest_route=%2Fwp%2Fv2%2Ftags&post=903"}],"curies":[{"name":"wp","href":"https:\/\/api.w.org\/{rel}","templated":true}]}}