{"id":887,"date":"2023-11-26T18:38:40","date_gmt":"2023-11-26T18:38:40","guid":{"rendered":"https:\/\/parafiaszczodrowo.pl\/?p=887"},"modified":"2023-11-26T18:39:20","modified_gmt":"2023-11-26T18:39:20","slug":"oplatek-i-swiece-wigilijne","status":"publish","type":"post","link":"https:\/\/parafiaszczodrowo.pl\/?p=887","title":{"rendered":"Op\u0142atek i \u015bwiece wigilijne"},"content":{"rendered":"<p style=\"text-align: justify;\">&#x1f31f;&#x1f56f;&#xfe0f; Zapraszamy serdecznie po op\u0142atek wigilijny, kt\u00f3ry dost\u0119pny jest po ka\u017cdej Mszy \u015awi\u0119tej w naszym ko\u015bciele oraz na plebanii. To pi\u0119kna tradycja, kt\u00f3ra \u0142\u0105czy nas w atmosferze Bo\u017cego Narodzenia.<\/p>\n<p style=\"text-align: justify;\">&#x1f56f;&#xfe0f; Dodatkowo, zach\u0119camy do nabycia Wigilijnych \u015bwiec Caritas, kt\u00f3re nie tylko wprowadz\u0105 nas w wyj\u0105tkowy nastr\u00f3j, ale r\u00f3wnie\u017c wspieraj\u0105 dzia\u0142ania charytatywne Caritas. Ka\u017cda \u015bwieca to iskra dobra dla potrzebuj\u0105cych. Ilo\u015b\u0107 \u015bwiec ograniczona.<\/p>\n<p style=\"text-align: justify;\">&#x1f384; Niech te drobne zakupy stan\u0105 si\u0119 dla Was pi\u0119knym momentem przygotowa\u0144 do \u015awi\u0105t. Dzi\u0119kujemy za Wasze zaanga\u017cowanie i wsparcie naszej wsp\u00f3lnoty!<\/p>\n","protected":false},"excerpt":{"rendered":"<p>&#x1f31f;&#x1f56f;&#xfe0f; Zapraszamy serdecznie po op\u0142atek wigilijny, kt\u00f3ry dost\u0119pny jest po ka\u017cdej Mszy \u015awi\u0119tej w naszym ko\u015bciele oraz na plebanii. To pi\u0119kna tradycja, kt\u00f3ra \u0142\u0105czy nas w atmosferze Bo\u017cego Narodzenia. &#x1f56f;&#xfe0f; Dodatkowo, zach\u0119camy do nabycia Wigilijnych \u015bwiec Caritas, kt\u00f3re nie tylko wprowadz\u0105 nas w wyj\u0105tkowy nastr\u00f3j, ale r\u00f3wnie\u017c wspieraj\u0105 dzia\u0142ania charytatywne Caritas. Ka\u017cda \u015bwieca to iskra &#8230; <span class=\"more\"><a class=\"more-link\" href=\"https:\/\/parafiaszczodrowo.pl\/?p=887\">[Czytaj wi\u0119cej..]<\/a><\/span><\/p>\n","protected":false},"author":1,"featured_media":888,"comment_status":"closed","ping_status":"","sticky":false,"template":"","format":"standard","meta":{"footnotes":""},"categories":[1],"tags":[],"class_list":{"0":"entry","1":"post","2":"publish","3":"author-admin","4":"post-887","6":"format-standard","7":"has-post-thumbnail","8":"category-strona"},"_links":{"self":[{"href":"https:\/\/parafiaszczodrowo.pl\/index.php?rest_route=\/wp\/v2\/posts\/887","targetHints":{"allow":["GET"]}}],"collection":[{"href":"https:\/\/parafiaszczodrowo.pl\/index.php?rest_route=\/wp\/v2\/posts"}],"about":[{"href":"https:\/\/parafiaszczodrowo.pl\/index.php?rest_route=\/wp\/v2\/types\/post"}],"author":[{"embeddable":true,"href":"https:\/\/parafiaszczodrowo.pl\/index.php?rest_route=\/wp\/v2\/users\/1"}],"replies":[{"embeddable":true,"href":"https:\/\/parafiaszczodrowo.pl\/index.php?rest_route=%2Fwp%2Fv2%2Fcomments&post=887"}],"version-history":[{"count":2,"href":"https:\/\/parafiaszczodrowo.pl\/index.php?rest_route=\/wp\/v2\/posts\/887\/revisions"}],"predecessor-version":[{"id":890,"href":"https:\/\/parafiaszczodrowo.pl\/index.php?rest_route=\/wp\/v2\/posts\/887\/revisions\/890"}],"wp:featuredmedia":[{"embeddable":true,"href":"https:\/\/parafiaszczodrowo.pl\/index.php?rest_route=\/wp\/v2\/media\/888"}],"wp:attachment":[{"href":"https:\/\/parafiaszczodrowo.pl\/index.php?rest_route=%2Fwp%2Fv2%2Fmedia&parent=887"}],"wp:term":[{"taxonomy":"category","embeddable":true,"href":"https:\/\/parafiaszczodrowo.pl\/index.php?rest_route=%2Fwp%2Fv2%2Fcategories&post=887"},{"taxonomy":"post_tag","embeddable":true,"href":"https:\/\/parafiaszczodrowo.pl\/index.php?rest_route=%2Fwp%2Fv2%2Ftags&post=887"}],"curies":[{"name":"wp","href":"https:\/\/api.w.org\/{rel}","templated":true}]}}