{"id":741,"date":"2021-05-09T09:02:35","date_gmt":"2021-05-09T09:02:35","guid":{"rendered":"http:\/\/parafiaszczodrowo.pl\/?p=741"},"modified":"2021-05-09T09:02:35","modified_gmt":"2021-05-09T09:02:35","slug":"oswietlenie-kosciola","status":"publish","type":"post","link":"https:\/\/parafiaszczodrowo.pl\/?p=741","title":{"rendered":"O\u015bwietlenie ko\u015bcio\u0142a"},"content":{"rendered":"\n<p class=\"has-text-align-center\">Nowe o\u015bwietlenie naszego ko\u015bcio\u0142a. Dzi\u015b po zmierzchu w\u0142\u0105czone zosta\u0142o nowe o\u015bwietlenie naszego ko\u015bcio\u0142a. Lampy zainstalowane na trzech s\u0142upach o\u015bwietlaj\u0105 nasz ko\u015bci\u00f3\u0142 z wszystkich stron. To bardzo wa\u017cna inwestycja przede wszystkim ze wzgl\u0119du na bezpiecze\u0144stwo os\u00f3b, kt\u00f3re id\u0105 ju\u017c wieczorem do naszego ko\u015bcio\u0142a. Wykonane o\u015bwietlenie to inicjatywa Ksi\u0119dza Proboszcza, a powsta\u0142o dzi\u0119ki wsp\u00f3\u0142pracy z Burmistrzem Skarszew oraz pracownikami Urz\u0119du Miejskiego.<\/p>\n","protected":false},"excerpt":{"rendered":"<p>Nowe o\u015bwietlenie naszego ko\u015bcio\u0142a. Dzi\u015b po zmierzchu w\u0142\u0105czone zosta\u0142o nowe o\u015bwietlenie naszego ko\u015bcio\u0142a. Lampy zainstalowane na trzech s\u0142upach o\u015bwietlaj\u0105 nasz ko\u015bci\u00f3\u0142 z wszystkich stron. To bardzo wa\u017cna inwestycja przede wszystkim ze wzgl\u0119du na bezpiecze\u0144stwo os\u00f3b, kt\u00f3re id\u0105 ju\u017c wieczorem do naszego ko\u015bcio\u0142a. Wykonane o\u015bwietlenie to inicjatywa Ksi\u0119dza Proboszcza, a powsta\u0142o dzi\u0119ki wsp\u00f3\u0142pracy z Burmistrzem Skarszew &#8230; <span class=\"more\"><a class=\"more-link\" href=\"https:\/\/parafiaszczodrowo.pl\/?p=741\">[Czytaj wi\u0119cej..]<\/a><\/span><\/p>\n","protected":false},"author":1,"featured_media":742,"comment_status":"closed","ping_status":"","sticky":false,"template":"","format":"standard","meta":{"footnotes":""},"categories":[1],"tags":[],"class_list":{"0":"entry","1":"post","2":"publish","3":"author-admin","4":"post-741","6":"format-standard","7":"has-post-thumbnail","8":"category-strona"},"_links":{"self":[{"href":"https:\/\/parafiaszczodrowo.pl\/index.php?rest_route=\/wp\/v2\/posts\/741","targetHints":{"allow":["GET"]}}],"collection":[{"href":"https:\/\/parafiaszczodrowo.pl\/index.php?rest_route=\/wp\/v2\/posts"}],"about":[{"href":"https:\/\/parafiaszczodrowo.pl\/index.php?rest_route=\/wp\/v2\/types\/post"}],"author":[{"embeddable":true,"href":"https:\/\/parafiaszczodrowo.pl\/index.php?rest_route=\/wp\/v2\/users\/1"}],"replies":[{"embeddable":true,"href":"https:\/\/parafiaszczodrowo.pl\/index.php?rest_route=%2Fwp%2Fv2%2Fcomments&post=741"}],"version-history":[{"count":1,"href":"https:\/\/parafiaszczodrowo.pl\/index.php?rest_route=\/wp\/v2\/posts\/741\/revisions"}],"predecessor-version":[{"id":743,"href":"https:\/\/parafiaszczodrowo.pl\/index.php?rest_route=\/wp\/v2\/posts\/741\/revisions\/743"}],"wp:featuredmedia":[{"embeddable":true,"href":"https:\/\/parafiaszczodrowo.pl\/index.php?rest_route=\/wp\/v2\/media\/742"}],"wp:attachment":[{"href":"https:\/\/parafiaszczodrowo.pl\/index.php?rest_route=%2Fwp%2Fv2%2Fmedia&parent=741"}],"wp:term":[{"taxonomy":"category","embeddable":true,"href":"https:\/\/parafiaszczodrowo.pl\/index.php?rest_route=%2Fwp%2Fv2%2Fcategories&post=741"},{"taxonomy":"post_tag","embeddable":true,"href":"https:\/\/parafiaszczodrowo.pl\/index.php?rest_route=%2Fwp%2Fv2%2Ftags&post=741"}],"curies":[{"name":"wp","href":"https:\/\/api.w.org\/{rel}","templated":true}]}}