{"id":531,"date":"2019-09-14T07:48:48","date_gmt":"2019-09-14T07:48:48","guid":{"rendered":"http:\/\/parafiaszczodrowo.pl\/?p=531"},"modified":"2021-05-09T08:49:04","modified_gmt":"2021-05-09T08:49:04","slug":"kolejny-etap-zakonczony","status":"publish","type":"post","link":"https:\/\/parafiaszczodrowo.pl\/?p=531","title":{"rendered":"Kolejny etap zako\u0144czony!"},"content":{"rendered":"<div id=\"js_1ea\" class=\"_5pbx userContent _3576\" data-testid=\"post_message\" data-ft=\"{&quot;tn&quot;:&quot;K&quot;}\">\n<p style=\"text-align: justify;\">Zako\u0144czono kolejny etap prac konserwatorskich w naszym ko\u015bciele i od dzi\u015b mo\u017cna podziwia\u0107 etekty. Dodatkowo z o\u0142tarza bocznego i g\u0142\u00f3wnego zdemontowano boazerie, czego efekt r\u00f3wnie\u017c mo\u017cna zobaczy\u0107.<\/p>\n<p style=\"text-align: justify;\">Obecnie prowadzone s\u0105 ko\u0144cowe prace na \u015bcianach pod ch\u00f3rem oraz rozpocz\u0119to kolejny etap (ostatni w tym roku) na \u015bcianie za ambon\u0105.<\/p>\n<p style=\"text-align: justify;\">Wszystkie prace dofinansowane s\u0105 ze \u015brodk\u00f3w Ministra Kultury i Dziedzictwa Narodowego, Fundacji Energa oraz \u015brodk\u00f3w w\u0142asnych parafii.<\/p>\n<p><img loading=\"lazy\" decoding=\"async\" class=\"size-medium wp-image-532 aligncenter\" src=\"http:\/\/parafiaszczodrowo.pl\/wp-content\/uploads\/2019\/09\/mkidn_01_cmyk-300x300.jpg\" alt=\"\" width=\"300\" height=\"300\" srcset=\"https:\/\/parafiaszczodrowo.pl\/wp-content\/uploads\/2019\/09\/mkidn_01_cmyk-300x300.jpg 300w, https:\/\/parafiaszczodrowo.pl\/wp-content\/uploads\/2019\/09\/mkidn_01_cmyk-150x150.jpg 150w, https:\/\/parafiaszczodrowo.pl\/wp-content\/uploads\/2019\/09\/mkidn_01_cmyk-768x768.jpg 768w, https:\/\/parafiaszczodrowo.pl\/wp-content\/uploads\/2019\/09\/mkidn_01_cmyk-1024x1024.jpg 1024w, https:\/\/parafiaszczodrowo.pl\/wp-content\/uploads\/2019\/09\/mkidn_01_cmyk.jpg 1323w\" sizes=\"auto, (max-width: 300px) 100vw, 300px\" \/><\/p>\n<p><img loading=\"lazy\" decoding=\"async\" class=\"size-medium wp-image-507 aligncenter\" src=\"http:\/\/parafiaszczodrowo.pl\/wp-content\/uploads\/2019\/06\/energa-300x140.png\" alt=\"\" width=\"300\" height=\"140\" srcset=\"https:\/\/parafiaszczodrowo.pl\/wp-content\/uploads\/2019\/06\/energa-300x140.png 300w, https:\/\/parafiaszczodrowo.pl\/wp-content\/uploads\/2019\/06\/energa.png 608w\" sizes=\"auto, (max-width: 300px) 100vw, 300px\" \/><\/p>\n<\/div>\n","protected":false},"excerpt":{"rendered":"<p>Zako\u0144czono kolejny etap prac konserwatorskich w naszym ko\u015bciele i od dzi\u015b mo\u017cna podziwia\u0107 etekty. Dodatkowo z o\u0142tarza bocznego i g\u0142\u00f3wnego zdemontowano boazerie, czego efekt r\u00f3wnie\u017c mo\u017cna zobaczy\u0107. Obecnie prowadzone s\u0105 ko\u0144cowe prace na \u015bcianach pod ch\u00f3rem oraz rozpocz\u0119to kolejny etap (ostatni w tym roku) na \u015bcianie za ambon\u0105. Wszystkie prace dofinansowane s\u0105 ze \u015brodk\u00f3w Ministra &#8230; <span class=\"more\"><a class=\"more-link\" href=\"https:\/\/parafiaszczodrowo.pl\/?p=531\">[Czytaj wi\u0119cej..]<\/a><\/span><\/p>\n","protected":false},"author":1,"featured_media":533,"comment_status":"closed","ping_status":"open","sticky":false,"template":"","format":"standard","meta":{"footnotes":""},"categories":[1],"tags":[],"class_list":{"0":"entry","1":"post","2":"publish","3":"author-admin","4":"post-531","6":"format-standard","7":"has-post-thumbnail","8":"category-strona"},"_links":{"self":[{"href":"https:\/\/parafiaszczodrowo.pl\/index.php?rest_route=\/wp\/v2\/posts\/531","targetHints":{"allow":["GET"]}}],"collection":[{"href":"https:\/\/parafiaszczodrowo.pl\/index.php?rest_route=\/wp\/v2\/posts"}],"about":[{"href":"https:\/\/parafiaszczodrowo.pl\/index.php?rest_route=\/wp\/v2\/types\/post"}],"author":[{"embeddable":true,"href":"https:\/\/parafiaszczodrowo.pl\/index.php?rest_route=\/wp\/v2\/users\/1"}],"replies":[{"embeddable":true,"href":"https:\/\/parafiaszczodrowo.pl\/index.php?rest_route=%2Fwp%2Fv2%2Fcomments&post=531"}],"version-history":[{"count":1,"href":"https:\/\/parafiaszczodrowo.pl\/index.php?rest_route=\/wp\/v2\/posts\/531\/revisions"}],"predecessor-version":[{"id":534,"href":"https:\/\/parafiaszczodrowo.pl\/index.php?rest_route=\/wp\/v2\/posts\/531\/revisions\/534"}],"wp:featuredmedia":[{"embeddable":true,"href":"https:\/\/parafiaszczodrowo.pl\/index.php?rest_route=\/wp\/v2\/media\/533"}],"wp:attachment":[{"href":"https:\/\/parafiaszczodrowo.pl\/index.php?rest_route=%2Fwp%2Fv2%2Fmedia&parent=531"}],"wp:term":[{"taxonomy":"category","embeddable":true,"href":"https:\/\/parafiaszczodrowo.pl\/index.php?rest_route=%2Fwp%2Fv2%2Fcategories&post=531"},{"taxonomy":"post_tag","embeddable":true,"href":"https:\/\/parafiaszczodrowo.pl\/index.php?rest_route=%2Fwp%2Fv2%2Ftags&post=531"}],"curies":[{"name":"wp","href":"https:\/\/api.w.org\/{rel}","templated":true}]}}