{"id":1723,"date":"2026-04-29T20:16:03","date_gmt":"2026-04-29T20:16:03","guid":{"rendered":"https:\/\/parafiaszczodrowo.pl\/?p=1723"},"modified":"2026-06-15T20:17:30","modified_gmt":"2026-06-15T20:17:30","slug":"1723","status":"publish","type":"post","link":"https:\/\/parafiaszczodrowo.pl\/?p=1723","title":{"rendered":"Po\u015bwiecenie obrazu b\u0142. ks. Jerzego"},"content":{"rendered":"\n<p>Dzi\u015b 29.04.2026, w dniu Dnia M\u0119cze\u0144stwa Duchowie\u0144stwa Polskiego, w naszej \u015bwi\u0105tyni mia\u0142o miejsce wyj\u0105tkowe wydarzenie. <img loading=\"lazy\" decoding=\"async\" height=\"16\" width=\"16\" src=\"https:\/\/static.xx.fbcdn.net\/images\/emoji.php\/v9\/t81\/1\/16\/271d.png\" alt=\"&#x271d;&#xfe0f;\"><\/p>\n\n\n\n<p>Podczas liturgii ksi\u0105dz proboszcz po\u015bwi\u0119ci\u0142 obraz z wizerunkiem b\u0142. ks. Jerzego Popie\u0142uszki \u2013 kap\u0142ana, kt\u00f3ry do ko\u0144ca pozosta\u0142 wierny Bogu i prawdzie.<\/p>\n\n\n\n<p>Obraz ten zosta\u0142 umieszczony w naszym ko\u015bciele obok relikwii b\u0142. ks. Jerzego, kt\u00f3re s\u0105 z nami ju\u017c od p\u00f3\u0142tora roku. <img loading=\"lazy\" decoding=\"async\" height=\"16\" width=\"16\" alt=\"&#x1f64f;\" src=\"https:\/\/static.xx.fbcdn.net\/images\/emoji.php\/v9\/t80\/1\/16\/1f64f.png\"><\/p>\n\n\n\n<p>Niech jego \u015bwiadectwo odwagi, wiary i mi\u0142o\u015bci do Ojczyzny b\u0119dzie dla nas wszystkich inspiracj\u0105 w codziennym \u017cyciu. <img loading=\"lazy\" decoding=\"async\" height=\"16\" width=\"16\" alt=\"&#x2728;\" src=\"https:\/\/static.xx.fbcdn.net\/images\/emoji.php\/v9\/tf4\/1\/16\/2728.png\"><\/p>\n","protected":false},"excerpt":{"rendered":"<p>Dzi\u015b 29.04.2026, w dniu Dnia M\u0119cze\u0144stwa Duchowie\u0144stwa Polskiego, w naszej \u015bwi\u0105tyni mia\u0142o miejsce wyj\u0105tkowe wydarzenie. Podczas liturgii ksi\u0105dz proboszcz po\u015bwi\u0119ci\u0142 obraz z wizerunkiem b\u0142. ks. Jerzego Popie\u0142uszki \u2013 kap\u0142ana, kt\u00f3ry do ko\u0144ca pozosta\u0142 wierny Bogu i prawdzie. Obraz ten zosta\u0142 umieszczony w naszym ko\u015bciele obok relikwii b\u0142. ks. Jerzego, kt\u00f3re s\u0105 z nami ju\u017c od &#8230; <span class=\"more\"><a class=\"more-link\" href=\"https:\/\/parafiaszczodrowo.pl\/?p=1723\">[Czytaj wi\u0119cej..]<\/a><\/span><\/p>\n","protected":false},"author":1,"featured_media":1724,"comment_status":"closed","ping_status":"","sticky":false,"template":"","format":"standard","meta":{"footnotes":""},"categories":[1],"tags":[],"class_list":{"0":"entry","1":"post","2":"publish","3":"author-admin","4":"post-1723","6":"format-standard","7":"has-post-thumbnail","8":"category-strona"},"_links":{"self":[{"href":"https:\/\/parafiaszczodrowo.pl\/index.php?rest_route=\/wp\/v2\/posts\/1723","targetHints":{"allow":["GET"]}}],"collection":[{"href":"https:\/\/parafiaszczodrowo.pl\/index.php?rest_route=\/wp\/v2\/posts"}],"about":[{"href":"https:\/\/parafiaszczodrowo.pl\/index.php?rest_route=\/wp\/v2\/types\/post"}],"author":[{"embeddable":true,"href":"https:\/\/parafiaszczodrowo.pl\/index.php?rest_route=\/wp\/v2\/users\/1"}],"replies":[{"embeddable":true,"href":"https:\/\/parafiaszczodrowo.pl\/index.php?rest_route=%2Fwp%2Fv2%2Fcomments&post=1723"}],"version-history":[{"count":2,"href":"https:\/\/parafiaszczodrowo.pl\/index.php?rest_route=\/wp\/v2\/posts\/1723\/revisions"}],"predecessor-version":[{"id":1726,"href":"https:\/\/parafiaszczodrowo.pl\/index.php?rest_route=\/wp\/v2\/posts\/1723\/revisions\/1726"}],"wp:featuredmedia":[{"embeddable":true,"href":"https:\/\/parafiaszczodrowo.pl\/index.php?rest_route=\/wp\/v2\/media\/1724"}],"wp:attachment":[{"href":"https:\/\/parafiaszczodrowo.pl\/index.php?rest_route=%2Fwp%2Fv2%2Fmedia&parent=1723"}],"wp:term":[{"taxonomy":"category","embeddable":true,"href":"https:\/\/parafiaszczodrowo.pl\/index.php?rest_route=%2Fwp%2Fv2%2Fcategories&post=1723"},{"taxonomy":"post_tag","embeddable":true,"href":"https:\/\/parafiaszczodrowo.pl\/index.php?rest_route=%2Fwp%2Fv2%2Ftags&post=1723"}],"curies":[{"name":"wp","href":"https:\/\/api.w.org\/{rel}","templated":true}]}}