{"id":1648,"date":"2026-01-18T17:46:45","date_gmt":"2026-01-18T17:46:45","guid":{"rendered":"https:\/\/parafiaszczodrowo.pl\/?p=1648"},"modified":"2026-01-18T17:46:45","modified_gmt":"2026-01-18T17:46:45","slug":"ogloszenia-z-18-01-2026","status":"publish","type":"post","link":"https:\/\/parafiaszczodrowo.pl\/?p=1648","title":{"rendered":"Og\u0142oszenia z 18.01.2026"},"content":{"rendered":"<p style=\"text-align: left;\"><!--more--><\/p>\n<p style=\"text-align: center;\"><strong>OG\u0141OSZENIA\u00a0 PARAFIALNE<\/strong><\/p>\n<p style=\"text-align: center;\"><strong>2 NIEDZIELA\u00a0 ZWYK\u0141A<\/strong><\/p>\n<p style=\"text-align: center;\"><strong>Rok A, 18.01.2026<\/strong><\/p>\n<p style=\"text-align: justify;\">\n<ol style=\"text-align: justify;\">\n<li><strong>Rozpocz\u0119li\u015bmy w liturgii okres zwyk\u0142y.<\/strong> Jednak\u017ce \u017c\u0142\u00f3bek i \u015bpiew kol\u0119d, pozostaj\u0105 z nami do 2 lutego, czyli \u015bwi\u0119ta Ofiarowania Pa\u0144skiego.<\/li>\n<\/ol>\n<p style=\"text-align: justify;\">\n<ol style=\"text-align: justify;\" start=\"2\">\n<li><strong>Dzisiaj obchodzimy rocznic\u0119 Chrztu \u015awi\u0119tego b\u0142. Siostry Marty Wieckiej. <\/strong>W przysz\u0142\u0105 4 Niedziel\u0119 stycznia, b\u0119dzie dodatkowa Msza \u015bw. o godz. 14.00 w intencjach Katolickiego Stowarzyszenia B\u0142ogos\u0142awionej Siostry Marty Wieckiej.<\/li>\n<\/ol>\n<p style=\"text-align: justify;\">\n<ol style=\"text-align: justify;\" start=\"3\">\n<li><strong>\u00a0<\/strong>Za z\u0142o\u017cone ofiary z serca B\u00f3g zap\u0142a\u0107.<\/li>\n<\/ol>\n<p style=\"text-align: justify;\">\n<ol style=\"text-align: justify;\" start=\"4\">\n<li><strong>W tym tygodniu obchodzimy dzie\u0144 babci i dziadka.<\/strong> Sk\u0142adamy im najserdeczniejsze \u017cyczenia, zw\u0142aszcza zdrowia i b\u0142ogos\u0142awie\u0144stwa Bo\u017cego po jak najd\u0142u\u017csze lata \u017cycia.<\/li>\n<\/ol>\n<p style=\"text-align: justify;\">\n<ol style=\"text-align: justify;\" start=\"5\">\n<li><strong>Zapraszamy wszystkich w sobot\u0119, 24 stycznia o godz 17.45 <\/strong><strong>na KONCERT KOL\u0118D W WYKONANIU RODZINY OLEJNIK.<\/strong><\/li>\n<\/ol>\n<p style=\"text-align: justify;\">\n<ol style=\"text-align: justify;\" start=\"6\">\n<li><strong>Zapraszamy ma\u0142\u017ce\u0144stwa, na rekolekcje sprzyjaj\u0105ce wzmacnianiu wi\u0119zi ma\u0142\u017ce\u0144skiej,<\/strong> kt\u00f3re odb\u0119d\u0105 si\u0119 w dniach 6 \u2013 8 lutego 2026 r. w Bia\u0142og\u00f3rze. Spotkania Ma\u0142\u017ce\u0144skie zawieraj\u0105 warsztat dialogu ma\u0142\u017ce\u0144skiego, w kt\u00f3ry wprowadzaj\u0105 uczestnik\u00f3w pary ma\u0142\u017ce\u0144skie oraz ksi\u0119\u017ca. Szczeg\u00f3\u0142y i zapisy na stronie <a href=\"http:\/\/www.rodzinydiecezjipelplinskiej.pl\/\">rodzinydiecezjipelplinskiej.pl<\/a><\/li>\n<\/ol>\n<p style=\"text-align: justify;\">\n<ol style=\"text-align: justify;\" start=\"7\">\n<li><strong>W tym tygodniu wspominamy:<\/strong><\/li>\n<\/ol>\n<ul style=\"text-align: justify;\">\n<li><u>W \u015brod\u0119<\/u> \u2013 wspomnienie \u015bw. Agnieszki, dziewicy i m\u0119czennicy oraz <strong>Dzie\u0144 Babci<\/strong><\/li>\n<li><u>W czwartek<\/u> \u2013 <strong>Dzie\u0144 Dziadka<\/strong><\/li>\n<li><u>W sobot\u0119<\/u> \u2013 wspomnienie \u015bw. Franciszka Salezego, biskupa i doktora Ko\u015bcio\u0142a<\/li>\n<\/ul>\n<p style=\"text-align: justify;\">\n<ol style=\"text-align: justify;\" start=\"8\">\n<li>W zakrystii mo\u017cna odebra\u0107 nowy numer \u201e<em>Pielgrzyma<\/em>\u201d.<\/li>\n<\/ol>\n<p style=\"text-align: justify;\">\n<ol style=\"text-align: justify;\" start=\"9\">\n<li><strong>Zmar\u0142 \u015bp. Bogdan Ronowski<\/strong> lat 64, zamieszka\u0142y w Skarszewach, a przedtem w Szczodrowie. <u>Pogrzeb b\u0119dzie w poniedzia\u0142ek 19 stycznia o godz. 10.00 <\/u><em>Wieczny Odpoczynek racz Mu da\u0107 Panie&#8230;<\/em><\/li>\n<\/ol>\n<p style=\"text-align: justify;\">\n<p style=\"text-align: justify;\">\n<p style=\"text-align: justify;\">\n","protected":false},"excerpt":{"rendered":"","protected":false},"author":1,"featured_media":0,"comment_status":"closed","ping_status":"","sticky":false,"template":"","format":"standard","meta":{"footnotes":""},"categories":[2],"tags":[],"class_list":{"0":"entry","1":"post","2":"publish","3":"author-admin","4":"has-more-link","5":"post-1648","7":"format-standard","8":"category-ogloszenia-parafialne"},"_links":{"self":[{"href":"https:\/\/parafiaszczodrowo.pl\/index.php?rest_route=\/wp\/v2\/posts\/1648","targetHints":{"allow":["GET"]}}],"collection":[{"href":"https:\/\/parafiaszczodrowo.pl\/index.php?rest_route=\/wp\/v2\/posts"}],"about":[{"href":"https:\/\/parafiaszczodrowo.pl\/index.php?rest_route=\/wp\/v2\/types\/post"}],"author":[{"embeddable":true,"href":"https:\/\/parafiaszczodrowo.pl\/index.php?rest_route=\/wp\/v2\/users\/1"}],"replies":[{"embeddable":true,"href":"https:\/\/parafiaszczodrowo.pl\/index.php?rest_route=%2Fwp%2Fv2%2Fcomments&post=1648"}],"version-history":[{"count":1,"href":"https:\/\/parafiaszczodrowo.pl\/index.php?rest_route=\/wp\/v2\/posts\/1648\/revisions"}],"predecessor-version":[{"id":1649,"href":"https:\/\/parafiaszczodrowo.pl\/index.php?rest_route=\/wp\/v2\/posts\/1648\/revisions\/1649"}],"wp:attachment":[{"href":"https:\/\/parafiaszczodrowo.pl\/index.php?rest_route=%2Fwp%2Fv2%2Fmedia&parent=1648"}],"wp:term":[{"taxonomy":"category","embeddable":true,"href":"https:\/\/parafiaszczodrowo.pl\/index.php?rest_route=%2Fwp%2Fv2%2Fcategories&post=1648"},{"taxonomy":"post_tag","embeddable":true,"href":"https:\/\/parafiaszczodrowo.pl\/index.php?rest_route=%2Fwp%2Fv2%2Ftags&post=1648"}],"curies":[{"name":"wp","href":"https:\/\/api.w.org\/{rel}","templated":true}]}}