{"id":1631,"date":"2025-12-14T20:10:45","date_gmt":"2025-12-14T20:10:45","guid":{"rendered":"https:\/\/parafiaszczodrowo.pl\/?p=1631"},"modified":"2025-12-15T20:11:45","modified_gmt":"2025-12-15T20:11:45","slug":"ogloszenia-z-14-12-2025","status":"publish","type":"post","link":"https:\/\/parafiaszczodrowo.pl\/?p=1631","title":{"rendered":"Og\u0142oszenia z 14.12.2025"},"content":{"rendered":"<p><!--more--><\/p>\n<p style=\"text-align: center;\"><strong>OG\u0141OSZENIA\u00a0 PARAFIALNE<\/strong><\/p>\n<p style=\"text-align: center;\"><strong>3 NIEDZIELA\u00a0 ADWENTU,<\/strong><\/p>\n<p style=\"text-align: center;\">Rok\u00a0 A,\u00a0 14. 12. 2025<\/p>\n<p style=\"text-align: justify;\">\n<ol style=\"text-align: justify;\">\n<li>Dzisiejsza, trzecia niedziela Adwentu, nazywana jest niedziel\u0105 rado\u015bci. Wynika to z tego, \u017ce Pan jest ju\u017c blisko i oczekujemy z niecierpliwo\u015bci\u0105 Jego Narodzenia. Wprowadzajmy w naszych domach i rodzinach ju\u017c teraz tak\u0105 atmosfer\u0119, aby m\u00f3c cieszy\u0107 si\u0119 nadchodz\u0105cymi \u015awi\u0119tami Narodzenia Pa\u0144skiego.<\/li>\n<\/ol>\n<p style=\"text-align: justify;\">\n<ol style=\"text-align: justify;\" start=\"2\">\n<li>Zapraszam na RORATY, kt\u00f3re s\u0105 od poniedzia\u0142ku do pi\u0105tku w\u0142\u0105cznie o godz. 17.00<\/li>\n<\/ol>\n<p style=\"text-align: justify;\">\n<ol style=\"text-align: justify;\" start=\"3\">\n<li>W zakrystii i biurze parafialnym, mo\u017cna naby\u0107 op\u0142atek wigilijny (<em>ofiara dobrowolna<\/em>)<\/li>\n<\/ol>\n<p style=\"text-align: justify;\">\n<ol style=\"text-align: justify;\" start=\"4\">\n<li>Spowied\u017a przed\u015bwi\u0105teczna z udzia\u0142em kap\u0142an\u00f3w naszego dekanatu, b\u0119dzie 20 grudnia w sobot\u0119, od godz. 18.00 do 18.45. Nie odk\u0142adajmy spowiedzi na ostatni\u0105 chwil\u0119 i skorzystajmy z tego terminu!<\/li>\n<\/ol>\n<p style=\"text-align: justify;\">\n<ol style=\"text-align: justify;\" start=\"5\">\n<li>Do 16 grudnia czyli wtorku, mo\u017cna jeszcze sk\u0142ada\u0107 w szkole lub w zakrystii <em>\u201ePaczuszk\u0119 dla Maluszka\u201d<\/em>. Jest to nasz dar przed\u015bwi\u0105teczny dla dom\u00f3w samotnej matki, hospicj\u00f3w i dom\u00f3w dziecka, a zarazem doskona\u0142a okazja do dobrego uczynku w Adwencie.<\/li>\n<\/ol>\n<p style=\"text-align: justify;\"><strong>\u00a0<\/strong><\/p>\n<ol style=\"text-align: justify;\" start=\"6\">\n<li>Plan kol\u0119d zostanie podany w przysz\u0142\u0105 4 Niedziel\u0119 Adwentu. B\u0119dzie on umieszczony w gablotce i na naszej stronie parafialnej.<\/li>\n<\/ol>\n<p style=\"text-align: justify;\">\n<p style=\"text-align: justify;\">\n","protected":false},"excerpt":{"rendered":"","protected":false},"author":1,"featured_media":0,"comment_status":"closed","ping_status":"","sticky":false,"template":"","format":"standard","meta":{"footnotes":""},"categories":[2],"tags":[],"class_list":{"0":"entry","1":"post","2":"publish","3":"author-admin","4":"has-more-link","5":"post-1631","7":"format-standard","8":"category-ogloszenia-parafialne"},"_links":{"self":[{"href":"https:\/\/parafiaszczodrowo.pl\/index.php?rest_route=\/wp\/v2\/posts\/1631","targetHints":{"allow":["GET"]}}],"collection":[{"href":"https:\/\/parafiaszczodrowo.pl\/index.php?rest_route=\/wp\/v2\/posts"}],"about":[{"href":"https:\/\/parafiaszczodrowo.pl\/index.php?rest_route=\/wp\/v2\/types\/post"}],"author":[{"embeddable":true,"href":"https:\/\/parafiaszczodrowo.pl\/index.php?rest_route=\/wp\/v2\/users\/1"}],"replies":[{"embeddable":true,"href":"https:\/\/parafiaszczodrowo.pl\/index.php?rest_route=%2Fwp%2Fv2%2Fcomments&post=1631"}],"version-history":[{"count":1,"href":"https:\/\/parafiaszczodrowo.pl\/index.php?rest_route=\/wp\/v2\/posts\/1631\/revisions"}],"predecessor-version":[{"id":1632,"href":"https:\/\/parafiaszczodrowo.pl\/index.php?rest_route=\/wp\/v2\/posts\/1631\/revisions\/1632"}],"wp:attachment":[{"href":"https:\/\/parafiaszczodrowo.pl\/index.php?rest_route=%2Fwp%2Fv2%2Fmedia&parent=1631"}],"wp:term":[{"taxonomy":"category","embeddable":true,"href":"https:\/\/parafiaszczodrowo.pl\/index.php?rest_route=%2Fwp%2Fv2%2Fcategories&post=1631"},{"taxonomy":"post_tag","embeddable":true,"href":"https:\/\/parafiaszczodrowo.pl\/index.php?rest_route=%2Fwp%2Fv2%2Ftags&post=1631"}],"curies":[{"name":"wp","href":"https:\/\/api.w.org\/{rel}","templated":true}]}}