{"id":1615,"date":"2025-11-23T07:45:35","date_gmt":"2025-11-23T07:45:35","guid":{"rendered":"https:\/\/parafiaszczodrowo.pl\/?p=1615"},"modified":"2025-12-01T07:46:25","modified_gmt":"2025-12-01T07:46:25","slug":"ogloszenia-z-23-11-2025","status":"publish","type":"post","link":"https:\/\/parafiaszczodrowo.pl\/?p=1615","title":{"rendered":"Og\u0142oszenia z 23.11.2025"},"content":{"rendered":"<p><!--more--><\/p>\n<p style=\"text-align: center;\"><strong>OG\u0141OSZENIA\u00a0 PARAFIALNE<\/strong><\/p>\n<p style=\"text-align: center;\"><strong>34 NIEDZIELA\u00a0 ZWYK\u0141A,<\/strong><\/p>\n<p style=\"text-align: center;\"><strong><u>Jezusa<\/u><\/strong><strong>\u00a0 <u>Chrystusa<\/u>\u00a0 <u>Kr\u00f3la<\/u>\u00a0 <u>Wszech\u015bwiata<\/u><\/strong><\/p>\n<p style=\"text-align: center;\">Rok C,\u00a0 23. 11. 2025<\/p>\n<p style=\"text-align: justify;\">\n<ol style=\"text-align: justify;\">\n<li><strong>W dzisiejsz\u0105 niedziel\u0119 przypada Uroczysto\u015b\u0107 Jezusa Chrystusa Kr\u00f3la Wszech\u015bwiata. <\/strong><u>Po Mszy \u015bw. o godz. 8.30, b\u0119dzie wystawienie Naj\u015bwi\u0119tszego Sakramentu, z modlitw\u0105 litanii <\/u><u>do Naj\u015bwi\u0119tszego Serca Pana Jezusa wraz z Aktem Po\u015bwi\u0119cenia. Za udzia\u0142 w tym nabo\u017ce\u0144stwie mo\u017cna uzyska\u0107 odpust zupe\u0142ny.<\/u><\/li>\n<\/ol>\n<p style=\"text-align: justify;\">\n<ol style=\"text-align: justify;\" start=\"2\">\n<li>Z ca\u0142ego serca dzi\u0119kuj\u0119 kap\u0142anom z Parafii pw. \u015bw. Micha\u0142a Archanio\u0142a: Ks. Ryszardowi, Ks Mateuszowi i Ks. Krystianowi wraz z lektorami i zespo\u0142em, za wsp\u00f3\u0142organizacj\u0119 Dekanalnego Dnia M\u0142odzie\u017cy Dekanatu Skarszewskiego, w sobot\u0119 22 listopada. Serdeczne podzi\u0119kowania sk\u0142adam r\u00f3wnie\u017c Stra\u017cakom OSP Szczodrowo, za udost\u0119pnienie salki dla m\u0142odych. Wielkie podzi\u0119kowania dla m\u0142odzie\u017cy, obecnej na spotkaniu, kt\u00f3re jest dla nich specjalnie zorganizowane.<\/li>\n<\/ol>\n<p style=\"text-align: justify;\">\n<ol style=\"text-align: justify;\" start=\"3\">\n<li>Od przysz\u0142ej niedzieli 30 listopada, rozpoczynamy Adwent, przygotowuj\u0105cy nas do Uroczysto\u015bci Narodzenia Pa\u0144skiego. Zapraszam od 1 grudnia, wszystkie dzieci, m\u0142odzie\u017c z lampionami oraz doros\u0142ych na roraty, kt\u00f3re b\u0119d\u0105 od poniedzia\u0142ku do pi\u0105tku w\u0142\u0105cznie, o godz. 17.00.<\/li>\n<\/ol>\n<p style=\"text-align: justify;\">\n<ol style=\"text-align: justify;\" start=\"4\">\n<li>Fundacja Ma\u0142ych St\u00f3pek zaprasza do udzia\u0142u w \u015bwi\u0105tecznej zbi\u00f3rce \u201e<em>Paczuszka dla Maluszka<\/em>\u201d. Zgromadzone dary, trafi\u0105 do dom\u00f3w samotnej matki, hospicj\u00f3w i dom\u00f3w dziecka w ca\u0142ej Polsce. Potrzebne s\u0105 przede wszystkim: <strong>myd\u0142a, szampony, \u017cele do k\u0105pieli, proszki i p\u0142yny <\/strong><strong>do prania, nowe ubrania dla dzieci i pieluszki. <\/strong><u>Czas zbi\u00f3rki do 16 grudnia.<\/u> Dary sk\u0142adamy u Pani katechetki z naszej Szko\u0142y Podstawowej albo w ko\u015bciele lub na plebanii.<\/li>\n<\/ol>\n<p style=\"text-align: justify;\">\n<ol style=\"text-align: justify;\" start=\"5\">\n<li><strong>W przysz\u0142\u0105 niedziel\u0119, w zakrystii i biurze parafialnym, b\u0119dzie mo\u017cna naby\u0107 po\u015bwi\u0119cony op\u0142atek wigilijny (<em>ofiara dobrowolna<\/em>) <\/strong>oraz \u015bwiece Caritas \u2013 Wigilijne Dzie\u0142o Pomocy Dzieciom. Ma\u0142e za 15 z\u0142, a du\u017ce za 25 z\u0142.<\/li>\n<\/ol>\n<p style=\"text-align: justify;\">\n<ol style=\"text-align: justify;\" start=\"6\">\n<li>W zakrystii mo\u017cna odebra\u0107 nowy numer \u201ePielgrzyma\u201d.<\/li>\n<\/ol>\n<p style=\"text-align: justify;\">\n<p style=\"text-align: justify;\">\n","protected":false},"excerpt":{"rendered":"","protected":false},"author":1,"featured_media":0,"comment_status":"closed","ping_status":"","sticky":false,"template":"","format":"standard","meta":{"footnotes":""},"categories":[2],"tags":[],"class_list":{"0":"entry","1":"post","2":"publish","3":"author-admin","4":"has-more-link","5":"post-1615","7":"format-standard","8":"category-ogloszenia-parafialne"},"_links":{"self":[{"href":"https:\/\/parafiaszczodrowo.pl\/index.php?rest_route=\/wp\/v2\/posts\/1615","targetHints":{"allow":["GET"]}}],"collection":[{"href":"https:\/\/parafiaszczodrowo.pl\/index.php?rest_route=\/wp\/v2\/posts"}],"about":[{"href":"https:\/\/parafiaszczodrowo.pl\/index.php?rest_route=\/wp\/v2\/types\/post"}],"author":[{"embeddable":true,"href":"https:\/\/parafiaszczodrowo.pl\/index.php?rest_route=\/wp\/v2\/users\/1"}],"replies":[{"embeddable":true,"href":"https:\/\/parafiaszczodrowo.pl\/index.php?rest_route=%2Fwp%2Fv2%2Fcomments&post=1615"}],"version-history":[{"count":1,"href":"https:\/\/parafiaszczodrowo.pl\/index.php?rest_route=\/wp\/v2\/posts\/1615\/revisions"}],"predecessor-version":[{"id":1616,"href":"https:\/\/parafiaszczodrowo.pl\/index.php?rest_route=\/wp\/v2\/posts\/1615\/revisions\/1616"}],"wp:attachment":[{"href":"https:\/\/parafiaszczodrowo.pl\/index.php?rest_route=%2Fwp%2Fv2%2Fmedia&parent=1615"}],"wp:term":[{"taxonomy":"category","embeddable":true,"href":"https:\/\/parafiaszczodrowo.pl\/index.php?rest_route=%2Fwp%2Fv2%2Fcategories&post=1615"},{"taxonomy":"post_tag","embeddable":true,"href":"https:\/\/parafiaszczodrowo.pl\/index.php?rest_route=%2Fwp%2Fv2%2Ftags&post=1615"}],"curies":[{"name":"wp","href":"https:\/\/api.w.org\/{rel}","templated":true}]}}