{"id":1604,"date":"2025-10-26T09:11:13","date_gmt":"2025-10-26T09:11:13","guid":{"rendered":"https:\/\/parafiaszczodrowo.pl\/?p=1604"},"modified":"2025-11-19T09:49:41","modified_gmt":"2025-11-19T09:49:41","slug":"ogloszenia-z-16-10-2025","status":"publish","type":"post","link":"https:\/\/parafiaszczodrowo.pl\/?p=1604","title":{"rendered":"Og\u0142oszenia z 26.10.2025"},"content":{"rendered":"<p><!--more--><\/p>\n<p style=\"text-align: center;\"><strong>OG\u0141OSZENIA\u00a0 PARAFIALNE<\/strong><\/p>\n<p style=\"text-align: center;\"><strong>30 NIEDZIELA\u00a0 ZWYK\u0141A,<\/strong><\/p>\n<p style=\"text-align: center;\">Rok C,\u00a0 26. 10. 2025<\/p>\n<p style=\"text-align: justify;\">\n<ol style=\"text-align: justify;\">\n<li><strong>We wtorek 28 pa\u017adziernika, jest nasz Odpust Parafialny<\/strong> ku czci \u015bw. Aposto\u0142\u00f3w Szymona i Judy Tadeusza. <strong>Zapraszam serdecznie na Msz\u0119 \u015bw. o godz. 18.00<\/strong><strong>,<\/strong> kt\u00f3rej przewodniczy\u0107 b\u0119dzie, g\u0142osz\u0105c do nas S\u0142owo Bo\u017ce, <strong><u>Ks. Wojciech G\u0142ogowski \u2013 Proboszcz parafii p.w. <\/u><\/strong><u>Wszystkich \u015awi\u0119tych w Sk\u00f3rczu<\/u>. Liturgi\u0119 ubogaca\u0107 b\u0119dzie \u015bpiewem Ch\u00f3r \u201e<em>Passionata<\/em>\u201d kt\u00f3remu przewodzi Pan Micha\u0142 Olejnik.<\/li>\n<\/ol>\n<p style=\"text-align: justify;\">\n<ol style=\"text-align: justify;\" start=\"2\">\n<li>W Pi\u0105tek 31 pa\u017adziernika zapraszam dzieci, przebrane za \u015bwi\u0119tych na Msz\u0119 \u015bw o godz. 17.00. Natomiast po Mszy o godz. 17.45 zapraszam wszystkich serdecznie na \u201e<em>Wieczornic\u0119 ze \u015awi\u0119tymi<\/em>\u201d przed Naj\u015bwi\u0119tszym Sakramentem. Przy ciekawej dekoracji \u015bwiate\u0142, nastrojowych pie\u015bniach, poznamy ciekawe my\u015bli \u015bwi\u0119tych i wraz z Nimi b\u0119dziemy wielbi\u0107 Pana.<\/li>\n<\/ol>\n<p style=\"text-align: justify;\">\n<ol style=\"text-align: justify;\" start=\"3\">\n<li><strong>W sobot\u0119 jest Uroczysto\u015b\u0107 Wszystkich \u015awi\u0119tych.<\/strong> Msze \u015bw. b\u0119d\u0105 jak w niedziel\u0119 o godz. <strong>8.30 <\/strong>i 10.30. Procesja na cmentarz parafialny b\u0119dzie oko\u0142o 11.45.<\/li>\n<\/ol>\n<p style=\"text-align: justify;\">\n<ol style=\"text-align: justify;\" start=\"4\">\n<li><strong>W niedziel\u0119 jest Wspomnienie Wszystkich Wiernych Zmar\u0142ych. <\/strong>Msze \u015bw. b\u0119d\u0105 o <strong>8.30<\/strong> i 10.30. Natomiast o godz. 15.00 w Nowym Wiecu, na cmentarzu pomordowanych, zapraszam na wsp\u00f3lny r\u00f3\u017caniec.<\/li>\n<\/ol>\n<p style=\"text-align: justify;\">\n<ol style=\"text-align: justify;\" start=\"5\">\n<li>Pierwszego i drugiego listopada, mo\u017cna uzyska\u0107 odpust zupe\u0142ny za zmar\u0142ych, przez nawiedzenie ko\u015bcio\u0142a i modlitwy: <em>Ojcze nasz<\/em> i <em>Wierz\u0119 w Boga<\/em>. Natomiast w dniach od 1 do 8 listopada, za pobo\u017cne nawiedzenie cmentarza lub naszego ko\u015bcio\u0142a i modlitw\u0119, mo\u017cna uzyska\u0107 odpust zupe\u0142ny i ofiarowa\u0107 go jedynie za zmar\u0142ych.<\/li>\n<\/ol>\n<p style=\"text-align: justify;\">\n<ol style=\"text-align: justify;\" start=\"6\">\n<li><strong>Wypominki b\u0119d\u0105 odczytywane od 1 do 8 listopada ,na p\u00f3\u0142 godziny przed Msz\u0105 \u015bw. <\/strong>1 listopada w sobot\u0119 i 2 listopada w niedziel\u0119, p\u00f3\u0142 godziny przed Msz\u0105 \u015bw. o godz. 10.00. Karteczki s\u0105 na stoliku przy wej\u015bciu na ch\u00f3r. Mo\u017cna je sk\u0142ada\u0107 do koszyka, kt\u00f3ry jest obok, albo w kopercie do kolekty.<\/li>\n<\/ol>\n<p style=\"text-align: justify;\">\n<ol style=\"text-align: justify;\" start=\"7\">\n<li>Ostatnie nabo\u017ce\u0144stwa r\u00f3\u017ca\u0144cowe w naszym ko\u015bciele s\u0105 o godz. 16.30 od poniedzia\u0142ku do pi\u0105tku. Zapraszamy Ciebie serdecznie do wsp\u00f3lnotowej modlitwy.<\/li>\n<\/ol>\n<p style=\"text-align: justify;\">\n<ol style=\"text-align: justify;\" start=\"8\">\n<li>W poniedzia\u0142ek 27 pa\u017adziernika, b\u0119dzie Msza \u015bw. o godz. 17.00, a przed ni\u0105 r\u00f3\u017caniec.<\/li>\n<\/ol>\n<p style=\"text-align: justify;\">\n<ol style=\"text-align: justify;\" start=\"9\">\n<li><strong>W tym tygodniu przypada:<\/strong><\/li>\n<\/ol>\n<ul style=\"text-align: justify;\">\n<li><u> I Sobota miesi\u0105ca<\/u> \u2013 Chorych odwiedz\u0119 8 listopada od godz. 10.00<\/li>\n<li><u>I Niedziela miesi\u0105ca<\/u> \u2013 Nabo\u017ce\u0144stwo R\u00f3\u017c R\u00f3\u017ca\u0144cowych po Mszy o godz. 8.30<\/li>\n<\/ul>\n<p style=\"text-align: justify;\">\n<ol start=\"10\">\n<li style=\"text-align: justify;\">W zakrystii mo\u017cna odebra\u0107 nowy numer \u201e<em>Pielgrzyma<\/em>\u201d. Otrzymali\u015bmy r\u00f3wnie\u017c 4 kalendarze tr\u00f3jdzielne na 2026 rok w cenie 15 z\u0142. Ch\u0119tni mog\u0105 je naby\u0107 w zakrystii.<\/li>\n<\/ol>\n","protected":false},"excerpt":{"rendered":"","protected":false},"author":1,"featured_media":0,"comment_status":"closed","ping_status":"","sticky":false,"template":"","format":"standard","meta":{"footnotes":""},"categories":[2],"tags":[],"class_list":{"0":"entry","1":"post","2":"publish","3":"author-admin","4":"has-more-link","5":"post-1604","7":"format-standard","8":"category-ogloszenia-parafialne"},"_links":{"self":[{"href":"https:\/\/parafiaszczodrowo.pl\/index.php?rest_route=\/wp\/v2\/posts\/1604","targetHints":{"allow":["GET"]}}],"collection":[{"href":"https:\/\/parafiaszczodrowo.pl\/index.php?rest_route=\/wp\/v2\/posts"}],"about":[{"href":"https:\/\/parafiaszczodrowo.pl\/index.php?rest_route=\/wp\/v2\/types\/post"}],"author":[{"embeddable":true,"href":"https:\/\/parafiaszczodrowo.pl\/index.php?rest_route=\/wp\/v2\/users\/1"}],"replies":[{"embeddable":true,"href":"https:\/\/parafiaszczodrowo.pl\/index.php?rest_route=%2Fwp%2Fv2%2Fcomments&post=1604"}],"version-history":[{"count":2,"href":"https:\/\/parafiaszczodrowo.pl\/index.php?rest_route=\/wp\/v2\/posts\/1604\/revisions"}],"predecessor-version":[{"id":1607,"href":"https:\/\/parafiaszczodrowo.pl\/index.php?rest_route=\/wp\/v2\/posts\/1604\/revisions\/1607"}],"wp:attachment":[{"href":"https:\/\/parafiaszczodrowo.pl\/index.php?rest_route=%2Fwp%2Fv2%2Fmedia&parent=1604"}],"wp:term":[{"taxonomy":"category","embeddable":true,"href":"https:\/\/parafiaszczodrowo.pl\/index.php?rest_route=%2Fwp%2Fv2%2Fcategories&post=1604"},{"taxonomy":"post_tag","embeddable":true,"href":"https:\/\/parafiaszczodrowo.pl\/index.php?rest_route=%2Fwp%2Fv2%2Ftags&post=1604"}],"curies":[{"name":"wp","href":"https:\/\/api.w.org\/{rel}","templated":true}]}}