{"id":1534,"date":"2025-05-27T19:21:49","date_gmt":"2025-05-27T19:21:49","guid":{"rendered":"https:\/\/parafiaszczodrowo.pl\/?p=1534"},"modified":"2025-06-03T19:23:13","modified_gmt":"2025-06-03T19:23:13","slug":"xvii-rocznica-beatyfikacji-bl-siostry-marty-wieckiej","status":"publish","type":"post","link":"https:\/\/parafiaszczodrowo.pl\/?p=1534","title":{"rendered":"XVII ROCZNICA BEATYFIKACJI B\u0141. SIOSTRY MARTY WIECKIEJ"},"content":{"rendered":"<div class=\"xdj266r x11i5rnm xat24cr x1mh8g0r x1vvkbs x126k92a\">\n<div dir=\"auto\" style=\"text-align: justify;\">W sobot\u0119, 24 maja 2025 roku, w Nowym Wiecu odby\u0142y si\u0119 uroczysto\u015bci z okazji 17. rocznicy beatyfikacji b\u0142ogos\u0142awionej Siostry Marty Wieckiej. Uroczystej Eucharystii przewodniczy\u0142 bp Arkadiusz Okr\u00f3j.<\/div>\n<\/div>\n<div class=\"x11i5rnm xat24cr x1mh8g0r x1vvkbs xtlvy1s x126k92a\" style=\"text-align: justify;\">\n<div dir=\"auto\">To wyj\u0105tkowe wydarzenie zgromadzi\u0142o licznych pielgrzym\u00f3w z r\u00f3\u017cnych parafii \u2013 pielgrzymk\u0119 z P<span class=\"html-span xdj266r x11i5rnm xat24cr x1mh8g0r xexx8yu x4uap5 x18d9i69 xkhd6sd x1hl2dhg x16tdsg8 x1vvkbs\"><a class=\"x1i10hfl xjbqb8w x1ejq31n xd10rxx x1sy0etr x17r0tee x972fbf xcfux6l x1qhh985 xm0m39n x9f619 x1ypdohk xt0psk2 xe8uvvx xdj266r x11i5rnm xat24cr x1mh8g0r xexx8yu x4uap5 x18d9i69 xkhd6sd x16tdsg8 x1hl2dhg xggy1nq x1a2a7pz xkrqix3 x1sur9pj x1fey0fg x1s688f\" tabindex=\"0\" role=\"link\" href=\"https:\/\/www.facebook.com\/profile.php?id=100067029074102&amp;__cft__[0]=AZWRO11Df6zULqF33XAvcFthwqdmOhf3rxlzrYe2qn57ZkAgf4UeUMkQkpP6PG5BhfFMRtAJlETCMgx77bGXe44XMPT8FYlMebbbT81LNohePAvAX0LRRLLHiYZvGD9hfIUBwOEVqKi6BkS2niKRJhyxsgWn_e-alcLRyDFeBnVEAOzhXyULI2tIc2QZAgR81EEep23CyR8JBsd8Q959x471ODC1y5hKVgoED7YwgdZw-w&amp;__tn__=-]K-y-R\"><span class=\"xt0psk2\"><span class=\"xjp7ctv\">Parafia pw \u015bw Micha\u0142a Archanio\u0142a w Skarszewach<\/span><\/span><\/a><\/span> z P<span class=\"html-span xdj266r x11i5rnm xat24cr x1mh8g0r xexx8yu x4uap5 x18d9i69 xkhd6sd x1hl2dhg x16tdsg8 x1vvkbs\"><a class=\"x1i10hfl xjbqb8w x1ejq31n xd10rxx x1sy0etr x17r0tee x972fbf xcfux6l x1qhh985 xm0m39n x9f619 x1ypdohk xt0psk2 xe8uvvx xdj266r x11i5rnm xat24cr x1mh8g0r xexx8yu x4uap5 x18d9i69 xkhd6sd x16tdsg8 x1hl2dhg xggy1nq x1a2a7pz xkrqix3 x1sur9pj x1fey0fg x1s688f\" tabindex=\"0\" role=\"link\" href=\"https:\/\/www.facebook.com\/ParafiapwWszystkichSwietychwWysinie?__cft__[0]=AZWRO11Df6zULqF33XAvcFthwqdmOhf3rxlzrYe2qn57ZkAgf4UeUMkQkpP6PG5BhfFMRtAJlETCMgx77bGXe44XMPT8FYlMebbbT81LNohePAvAX0LRRLLHiYZvGD9hfIUBwOEVqKi6BkS2niKRJhyxsgWn_e-alcLRyDFeBnVEAOzhXyULI2tIc2QZAgR81EEep23CyR8JBsd8Q959x471ODC1y5hKVgoED7YwgdZw-w&amp;__tn__=-]K-y-R\"><span class=\"xt0psk2\"><span class=\"xjp7ctv\">Parafia Wysin<\/span><\/span><\/a><\/span>&#8211; Wszystkich \u015awi\u0119tych, pielgrzymk\u0119 z P<span class=\"html-span xdj266r x11i5rnm xat24cr x1mh8g0r xexx8yu x4uap5 x18d9i69 xkhd6sd x1hl2dhg x16tdsg8 x1vvkbs\"><a class=\"x1i10hfl xjbqb8w x1ejq31n xd10rxx x1sy0etr x17r0tee x972fbf xcfux6l x1qhh985 xm0m39n x9f619 x1ypdohk xt0psk2 xe8uvvx xdj266r x11i5rnm xat24cr x1mh8g0r xexx8yu x4uap5 x18d9i69 xkhd6sd x16tdsg8 x1hl2dhg xggy1nq x1a2a7pz xkrqix3 x1sur9pj x1fey0fg x1s688f\" tabindex=\"0\" role=\"link\" href=\"https:\/\/www.facebook.com\/Duszpasterze?__cft__[0]=AZWRO11Df6zULqF33XAvcFthwqdmOhf3rxlzrYe2qn57ZkAgf4UeUMkQkpP6PG5BhfFMRtAJlETCMgx77bGXe44XMPT8FYlMebbbT81LNohePAvAX0LRRLLHiYZvGD9hfIUBwOEVqKi6BkS2niKRJhyxsgWn_e-alcLRyDFeBnVEAOzhXyULI2tIc2QZAgR81EEep23CyR8JBsd8Q959x471ODC1y5hKVgoED7YwgdZw-w&amp;__tn__=-]K-y-R\"><span class=\"xt0psk2\"><span class=\"xjp7ctv\">Parafia \u015bw. Marcina w Starej Kiszewie<\/span><\/span><\/a><\/span> pielgrzymk\u0119 z parafii z Posto\u0142owa (archidiecezja gda\u0144ska) oraz pielgrzymk\u0119 Katolickiego Stowarzyszenia Piel\u0119gniarek i Po\u0142o\u017cnych Oddzia\u0142 Pomorski, a tak\u017ce I Pielgrzymka Duszpasterstwa Trze\u017awo\u015bci Diecezji Pelpli\u0144skiej. Dzi\u0119kujemy za obecno\u015b\u0107 r\u00f3wnie\u017c pielgrzymom z naszej parafii oraz wszystkim, kt\u00f3rzy z sercem i zaanga\u017cowaniem uczestniczyli w tej uroczysto\u015bci.<\/div>\n<\/div>\n<div class=\"x11i5rnm xat24cr x1mh8g0r x1vvkbs xtlvy1s x126k92a\" style=\"text-align: justify;\">\n<div dir=\"auto\">Serdeczne podzi\u0119kowania kierujemy do C<span class=\"html-span xdj266r x11i5rnm xat24cr x1mh8g0r xexx8yu x4uap5 x18d9i69 xkhd6sd x1hl2dhg x16tdsg8 x1vvkbs\"><a class=\"x1i10hfl xjbqb8w x1ejq31n xd10rxx x1sy0etr x17r0tee x972fbf xcfux6l x1qhh985 xm0m39n x9f619 x1ypdohk xt0psk2 xe8uvvx xdj266r x11i5rnm xat24cr x1mh8g0r xexx8yu x4uap5 x18d9i69 xkhd6sd x16tdsg8 x1hl2dhg xggy1nq x1a2a7pz xkrqix3 x1sur9pj x1fey0fg x1s688f\" tabindex=\"0\" role=\"link\" href=\"https:\/\/www.facebook.com\/profile.php?id=100063563441580&amp;__cft__[0]=AZWRO11Df6zULqF33XAvcFthwqdmOhf3rxlzrYe2qn57ZkAgf4UeUMkQkpP6PG5BhfFMRtAJlETCMgx77bGXe44XMPT8FYlMebbbT81LNohePAvAX0LRRLLHiYZvGD9hfIUBwOEVqKi6BkS2niKRJhyxsgWn_e-alcLRyDFeBnVEAOzhXyULI2tIc2QZAgR81EEep23CyR8JBsd8Q959x471ODC1y5hKVgoED7YwgdZw-w&amp;__tn__=-]K-y-R\"><span class=\"xt0psk2\"><span class=\"xjp7ctv\">CH\u00d3R Passionata<\/span><\/span><\/a><\/span>z Tczewa i Pana Micha\u0142a Olejnika za pi\u0119kny koncert pie\u015bni o b\u0142. Marcie i pie\u015bni maryjnych oraz za opraw\u0119 muzyczn\u0105 Mszy \u015awi\u0119tej.<\/div>\n<\/div>\n<div class=\"x11i5rnm xat24cr x1mh8g0r x1vvkbs xtlvy1s x126k92a\" style=\"text-align: justify;\">\n<div dir=\"auto\">Dzi\u0119kujemy wszystkim osobom i instytucjom, kt\u00f3re przyczyni\u0142y si\u0119 do organizacji uroczysto\u015bci \u2013 S<span class=\"html-span xdj266r x11i5rnm xat24cr x1mh8g0r xexx8yu x4uap5 x18d9i69 xkhd6sd x1hl2dhg x16tdsg8 x1vvkbs\"><a class=\"x1i10hfl xjbqb8w x1ejq31n xd10rxx x1sy0etr x17r0tee x972fbf xcfux6l x1qhh985 xm0m39n x9f619 x1ypdohk xt0psk2 xe8uvvx xdj266r x11i5rnm xat24cr x1mh8g0r xexx8yu x4uap5 x18d9i69 xkhd6sd x16tdsg8 x1hl2dhg xggy1nq x1a2a7pz xkrqix3 x1sur9pj x1fey0fg x1s688f\" tabindex=\"0\" role=\"link\" href=\"https:\/\/www.facebook.com\/profile.php?id=100083073653928&amp;__cft__[0]=AZWRO11Df6zULqF33XAvcFthwqdmOhf3rxlzrYe2qn57ZkAgf4UeUMkQkpP6PG5BhfFMRtAJlETCMgx77bGXe44XMPT8FYlMebbbT81LNohePAvAX0LRRLLHiYZvGD9hfIUBwOEVqKi6BkS2niKRJhyxsgWn_e-alcLRyDFeBnVEAOzhXyULI2tIc2QZAgR81EEep23CyR8JBsd8Q959x471ODC1y5hKVgoED7YwgdZw-w&amp;__tn__=-]K-y-R\"><span class=\"xt0psk2\"><span class=\"xjp7ctv\">So\u0142ectwo Nowy Wiec<\/span><\/span><\/a><\/span> O<span class=\"html-span xdj266r x11i5rnm xat24cr x1mh8g0r xexx8yu x4uap5 x18d9i69 xkhd6sd x1hl2dhg x16tdsg8 x1vvkbs\"><a class=\"x1i10hfl xjbqb8w x1ejq31n xd10rxx x1sy0etr x17r0tee x972fbf xcfux6l x1qhh985 xm0m39n x9f619 x1ypdohk xt0psk2 xe8uvvx xdj266r x11i5rnm xat24cr x1mh8g0r xexx8yu x4uap5 x18d9i69 xkhd6sd x16tdsg8 x1hl2dhg xggy1nq x1a2a7pz xkrqix3 x1sur9pj x1fey0fg x1s688f\" tabindex=\"0\" role=\"link\" href=\"https:\/\/www.facebook.com\/profile.php?id=100066944464160&amp;__cft__[0]=AZWRO11Df6zULqF33XAvcFthwqdmOhf3rxlzrYe2qn57ZkAgf4UeUMkQkpP6PG5BhfFMRtAJlETCMgx77bGXe44XMPT8FYlMebbbT81LNohePAvAX0LRRLLHiYZvGD9hfIUBwOEVqKi6BkS2niKRJhyxsgWn_e-alcLRyDFeBnVEAOzhXyULI2tIc2QZAgR81EEep23CyR8JBsd8Q959x471ODC1y5hKVgoED7YwgdZw-w&amp;__tn__=-]K-y-R\"><span class=\"xt0psk2\"><span class=\"xjp7ctv\">OSP NOWY WIEC<\/span><\/span><\/a><\/span> innym OSP zabezpieczaj\u0105cym pielgrzymki, G<span class=\"html-span xdj266r x11i5rnm xat24cr x1mh8g0r xexx8yu x4uap5 x18d9i69 xkhd6sd x1hl2dhg x16tdsg8 x1vvkbs\"><a class=\"x1i10hfl xjbqb8w x1ejq31n xd10rxx x1sy0etr x17r0tee x972fbf xcfux6l x1qhh985 xm0m39n x9f619 x1ypdohk xt0psk2 xe8uvvx xdj266r x11i5rnm xat24cr x1mh8g0r xexx8yu x4uap5 x18d9i69 xkhd6sd x16tdsg8 x1hl2dhg xggy1nq x1a2a7pz xkrqix3 x1sur9pj x1fey0fg x1s688f\" tabindex=\"0\" role=\"link\" href=\"https:\/\/www.facebook.com\/profile.php?id=100064324376441&amp;__cft__[0]=AZWRO11Df6zULqF33XAvcFthwqdmOhf3rxlzrYe2qn57ZkAgf4UeUMkQkpP6PG5BhfFMRtAJlETCMgx77bGXe44XMPT8FYlMebbbT81LNohePAvAX0LRRLLHiYZvGD9hfIUBwOEVqKi6BkS2niKRJhyxsgWn_e-alcLRyDFeBnVEAOzhXyULI2tIc2QZAgR81EEep23CyR8JBsd8Q959x471ODC1y5hKVgoED7YwgdZw-w&amp;__tn__=-]K-y-R\"><span class=\"xt0psk2\"><span class=\"xjp7ctv\">Gminny O\u015brodek Kultury i Biblioteka Publiczna w Skarszewach<\/span><\/span><\/a><\/span> G<span class=\"html-span xdj266r x11i5rnm xat24cr x1mh8g0r xexx8yu x4uap5 x18d9i69 xkhd6sd x1hl2dhg x16tdsg8 x1vvkbs\"><a class=\"x1i10hfl xjbqb8w x1ejq31n xd10rxx x1sy0etr x17r0tee x972fbf xcfux6l x1qhh985 xm0m39n x9f619 x1ypdohk xt0psk2 xe8uvvx xdj266r x11i5rnm xat24cr x1mh8g0r xexx8yu x4uap5 x18d9i69 xkhd6sd x16tdsg8 x1hl2dhg xggy1nq x1a2a7pz xkrqix3 x1sur9pj x1fey0fg x1s688f\" tabindex=\"0\" role=\"link\" href=\"https:\/\/www.facebook.com\/profile.php?id=100057539827183&amp;__cft__[0]=AZWRO11Df6zULqF33XAvcFthwqdmOhf3rxlzrYe2qn57ZkAgf4UeUMkQkpP6PG5BhfFMRtAJlETCMgx77bGXe44XMPT8FYlMebbbT81LNohePAvAX0LRRLLHiYZvGD9hfIUBwOEVqKi6BkS2niKRJhyxsgWn_e-alcLRyDFeBnVEAOzhXyULI2tIc2QZAgR81EEep23CyR8JBsd8Q959x471ODC1y5hKVgoED7YwgdZw-w&amp;__tn__=-]K-y-R\"><span class=\"xt0psk2\"><span class=\"xjp7ctv\">Gminny O\u015brodek Sportu i Rekreacji w Skarszewach<\/span><\/span><\/a><\/span> K<span class=\"html-span xdj266r x11i5rnm xat24cr x1mh8g0r xexx8yu x4uap5 x18d9i69 xkhd6sd x1hl2dhg x16tdsg8 x1vvkbs\"><a class=\"x1i10hfl xjbqb8w x1ejq31n xd10rxx x1sy0etr x17r0tee x972fbf xcfux6l x1qhh985 xm0m39n x9f619 x1ypdohk xt0psk2 xe8uvvx xdj266r x11i5rnm xat24cr x1mh8g0r xexx8yu x4uap5 x18d9i69 xkhd6sd x16tdsg8 x1hl2dhg xggy1nq x1a2a7pz xkrqix3 x1sur9pj x1fey0fg x1s688f\" tabindex=\"0\" role=\"link\" href=\"https:\/\/www.facebook.com\/nowywieckgw?__cft__[0]=AZWRO11Df6zULqF33XAvcFthwqdmOhf3rxlzrYe2qn57ZkAgf4UeUMkQkpP6PG5BhfFMRtAJlETCMgx77bGXe44XMPT8FYlMebbbT81LNohePAvAX0LRRLLHiYZvGD9hfIUBwOEVqKi6BkS2niKRJhyxsgWn_e-alcLRyDFeBnVEAOzhXyULI2tIc2QZAgR81EEep23CyR8JBsd8Q959x471ODC1y5hKVgoED7YwgdZw-w&amp;__tn__=-]K-y-R\"><span class=\"xt0psk2\"><span class=\"xjp7ctv\">Ko\u0142o Gospody\u0144 Wiejskich w Nowym Wiecu<\/span><\/span><\/a><\/span>oraz R<span class=\"html-span xdj266r x11i5rnm xat24cr x1mh8g0r xexx8yu x4uap5 x18d9i69 xkhd6sd x1hl2dhg x16tdsg8 x1vvkbs\"><a class=\"x1i10hfl xjbqb8w x1ejq31n xd10rxx x1sy0etr x17r0tee x972fbf xcfux6l x1qhh985 xm0m39n x9f619 x1ypdohk xt0psk2 xe8uvvx xdj266r x11i5rnm xat24cr x1mh8g0r xexx8yu x4uap5 x18d9i69 xkhd6sd x16tdsg8 x1hl2dhg xggy1nq x1a2a7pz xkrqix3 x1sur9pj x1fey0fg x1s688f\" tabindex=\"0\" role=\"link\" href=\"https:\/\/www.facebook.com\/radioglos?__cft__[0]=AZWRO11Df6zULqF33XAvcFthwqdmOhf3rxlzrYe2qn57ZkAgf4UeUMkQkpP6PG5BhfFMRtAJlETCMgx77bGXe44XMPT8FYlMebbbT81LNohePAvAX0LRRLLHiYZvGD9hfIUBwOEVqKi6BkS2niKRJhyxsgWn_e-alcLRyDFeBnVEAOzhXyULI2tIc2QZAgR81EEep23CyR8JBsd8Q959x471ODC1y5hKVgoED7YwgdZw-w&amp;__tn__=-]K-y-R\"><span class=\"xt0psk2\"><span class=\"xjp7ctv\">Radio G\u0142os<\/span><\/span><\/a><\/span>za obecno\u015b\u0107 i medialne wsparcie.<\/div>\n<\/div>\n<div class=\"x11i5rnm xat24cr x1mh8g0r x1vvkbs xtlvy1s x126k92a\" style=\"text-align: justify;\">\n<div dir=\"auto\">Niech b\u0142. Marta, kt\u00f3ra pochodzi z naszej parafii, wyprasza potrzebne \u0142aski dla nas wszystkich!<\/div>\n<\/div>\n<div class=\"x11i5rnm xat24cr x1mh8g0r x1vvkbs xtlvy1s x126k92a\">\n<div dir=\"auto\" style=\"text-align: justify;\">B\u0142. Marto \u2013 m\u00f3dl si\u0119 za nami!<\/div>\n<\/div>\n","protected":false},"excerpt":{"rendered":"<p>W sobot\u0119, 24 maja 2025 roku, w Nowym Wiecu odby\u0142y si\u0119 uroczysto\u015bci z okazji 17. rocznicy beatyfikacji b\u0142ogos\u0142awionej Siostry Marty Wieckiej. Uroczystej Eucharystii przewodniczy\u0142 bp Arkadiusz Okr\u00f3j. To wyj\u0105tkowe wydarzenie zgromadzi\u0142o licznych pielgrzym\u00f3w z r\u00f3\u017cnych parafii \u2013 pielgrzymk\u0119 z PParafia pw \u015bw Micha\u0142a Archanio\u0142a w Skarszewach z PParafia Wysin&#8211; Wszystkich \u015awi\u0119tych, pielgrzymk\u0119 z PParafia \u015bw. &#8230; <span class=\"more\"><a class=\"more-link\" href=\"https:\/\/parafiaszczodrowo.pl\/?p=1534\">[Czytaj wi\u0119cej..]<\/a><\/span><\/p>\n","protected":false},"author":1,"featured_media":1535,"comment_status":"closed","ping_status":"","sticky":false,"template":"","format":"standard","meta":{"footnotes":""},"categories":[1],"tags":[],"class_list":{"0":"entry","1":"post","2":"publish","3":"author-admin","4":"post-1534","6":"format-standard","7":"has-post-thumbnail","8":"category-strona"},"_links":{"self":[{"href":"https:\/\/parafiaszczodrowo.pl\/index.php?rest_route=\/wp\/v2\/posts\/1534","targetHints":{"allow":["GET"]}}],"collection":[{"href":"https:\/\/parafiaszczodrowo.pl\/index.php?rest_route=\/wp\/v2\/posts"}],"about":[{"href":"https:\/\/parafiaszczodrowo.pl\/index.php?rest_route=\/wp\/v2\/types\/post"}],"author":[{"embeddable":true,"href":"https:\/\/parafiaszczodrowo.pl\/index.php?rest_route=\/wp\/v2\/users\/1"}],"replies":[{"embeddable":true,"href":"https:\/\/parafiaszczodrowo.pl\/index.php?rest_route=%2Fwp%2Fv2%2Fcomments&post=1534"}],"version-history":[{"count":1,"href":"https:\/\/parafiaszczodrowo.pl\/index.php?rest_route=\/wp\/v2\/posts\/1534\/revisions"}],"predecessor-version":[{"id":1536,"href":"https:\/\/parafiaszczodrowo.pl\/index.php?rest_route=\/wp\/v2\/posts\/1534\/revisions\/1536"}],"wp:featuredmedia":[{"embeddable":true,"href":"https:\/\/parafiaszczodrowo.pl\/index.php?rest_route=\/wp\/v2\/media\/1535"}],"wp:attachment":[{"href":"https:\/\/parafiaszczodrowo.pl\/index.php?rest_route=%2Fwp%2Fv2%2Fmedia&parent=1534"}],"wp:term":[{"taxonomy":"category","embeddable":true,"href":"https:\/\/parafiaszczodrowo.pl\/index.php?rest_route=%2Fwp%2Fv2%2Fcategories&post=1534"},{"taxonomy":"post_tag","embeddable":true,"href":"https:\/\/parafiaszczodrowo.pl\/index.php?rest_route=%2Fwp%2Fv2%2Ftags&post=1534"}],"curies":[{"name":"wp","href":"https:\/\/api.w.org\/{rel}","templated":true}]}}