{"id":1489,"date":"2025-04-13T18:20:30","date_gmt":"2025-04-13T18:20:30","guid":{"rendered":"https:\/\/parafiaszczodrowo.pl\/?p=1489"},"modified":"2025-04-15T18:21:10","modified_gmt":"2025-04-15T18:21:10","slug":"niedziela-palmowa-w-naszej-parafii","status":"publish","type":"post","link":"https:\/\/parafiaszczodrowo.pl\/?p=1489","title":{"rendered":"Niedziela Palmowa w naszej parafii"},"content":{"rendered":"\n<p>Uroczystym wej\u015bciem do ko\u015bcio\u0142a rozpocz\u0119li\u015bmy Wielki Tydzie\u0144 \u2013 czas g\u0142\u0119bokiej refleksji i duchowego przygotowania do Zmartwychwstania Pana.<\/p>\n\n\n\n<p>Dzi\u0119kujemy Ko\u0142u Gospody\u0144 Wiejskich z Nowego Wieca za przygotowanie pi\u0119knej, tradycyjnej duuu\u017cej palmy <img loading=\"lazy\" decoding=\"async\" height=\"16\" width=\"16\" alt=\"&#x1f334;\" src=\"https:\/\/static.xx.fbcdn.net\/images\/emoji.php\/v9\/tec\/1\/16\/1f334.png\"> oraz za rozprowadzanie palm, z kt\u00f3rych doch\u00f3d wspiera parafialne inwestycje.<\/p>\n\n\n\n<p><a><\/a>Dzi\u0119kujemy r\u00f3wnie\u017c dzieciom, kt\u00f3re licznie przyby\u0142y ze swoimi kolorowymi i imponuj\u0105cymi palmami! <img loading=\"lazy\" decoding=\"async\" height=\"16\" width=\"16\" alt=\"&#x1f490;\" src=\"https:\/\/static.xx.fbcdn.net\/images\/emoji.php\/v9\/te3\/1\/16\/1f490.png\"><\/p>\n\n\n\n<p>Dzi\u0119kujemy wszystkim za wsp\u00f3ln\u0105 modlitw\u0119 i zach\u0119camy do owocnego prze\u017cywania Wielkiego Tygodnia w naszej wsp\u00f3lnocie! <img loading=\"lazy\" decoding=\"async\" height=\"16\" width=\"16\" alt=\"&#x1f64f;\" src=\"https:\/\/static.xx.fbcdn.net\/images\/emoji.php\/v9\/t80\/1\/16\/1f64f.png\"><img loading=\"lazy\" decoding=\"async\" height=\"16\" width=\"16\" alt=\"&#x1f492;\" src=\"https:\/\/static.xx.fbcdn.net\/images\/emoji.php\/v9\/te5\/1\/16\/1f492.png\"><\/p>\n","protected":false},"excerpt":{"rendered":"<p>Uroczystym wej\u015bciem do ko\u015bcio\u0142a rozpocz\u0119li\u015bmy Wielki Tydzie\u0144 \u2013 czas g\u0142\u0119bokiej refleksji i duchowego przygotowania do Zmartwychwstania Pana. Dzi\u0119kujemy Ko\u0142u Gospody\u0144 Wiejskich z Nowego Wieca za przygotowanie pi\u0119knej, tradycyjnej duuu\u017cej palmy oraz za rozprowadzanie palm, z kt\u00f3rych doch\u00f3d wspiera parafialne inwestycje. Dzi\u0119kujemy r\u00f3wnie\u017c dzieciom, kt\u00f3re licznie przyby\u0142y ze swoimi kolorowymi i imponuj\u0105cymi palmami! Dzi\u0119kujemy wszystkim za &#8230; <span class=\"more\"><a class=\"more-link\" href=\"https:\/\/parafiaszczodrowo.pl\/?p=1489\">[Czytaj wi\u0119cej..]<\/a><\/span><\/p>\n","protected":false},"author":1,"featured_media":1490,"comment_status":"closed","ping_status":"","sticky":false,"template":"","format":"standard","meta":{"footnotes":""},"categories":[1],"tags":[],"class_list":{"0":"entry","1":"post","2":"publish","3":"author-admin","4":"post-1489","6":"format-standard","7":"has-post-thumbnail","8":"category-strona"},"_links":{"self":[{"href":"https:\/\/parafiaszczodrowo.pl\/index.php?rest_route=\/wp\/v2\/posts\/1489","targetHints":{"allow":["GET"]}}],"collection":[{"href":"https:\/\/parafiaszczodrowo.pl\/index.php?rest_route=\/wp\/v2\/posts"}],"about":[{"href":"https:\/\/parafiaszczodrowo.pl\/index.php?rest_route=\/wp\/v2\/types\/post"}],"author":[{"embeddable":true,"href":"https:\/\/parafiaszczodrowo.pl\/index.php?rest_route=\/wp\/v2\/users\/1"}],"replies":[{"embeddable":true,"href":"https:\/\/parafiaszczodrowo.pl\/index.php?rest_route=%2Fwp%2Fv2%2Fcomments&post=1489"}],"version-history":[{"count":1,"href":"https:\/\/parafiaszczodrowo.pl\/index.php?rest_route=\/wp\/v2\/posts\/1489\/revisions"}],"predecessor-version":[{"id":1491,"href":"https:\/\/parafiaszczodrowo.pl\/index.php?rest_route=\/wp\/v2\/posts\/1489\/revisions\/1491"}],"wp:featuredmedia":[{"embeddable":true,"href":"https:\/\/parafiaszczodrowo.pl\/index.php?rest_route=\/wp\/v2\/media\/1490"}],"wp:attachment":[{"href":"https:\/\/parafiaszczodrowo.pl\/index.php?rest_route=%2Fwp%2Fv2%2Fmedia&parent=1489"}],"wp:term":[{"taxonomy":"category","embeddable":true,"href":"https:\/\/parafiaszczodrowo.pl\/index.php?rest_route=%2Fwp%2Fv2%2Fcategories&post=1489"},{"taxonomy":"post_tag","embeddable":true,"href":"https:\/\/parafiaszczodrowo.pl\/index.php?rest_route=%2Fwp%2Fv2%2Ftags&post=1489"}],"curies":[{"name":"wp","href":"https:\/\/api.w.org\/{rel}","templated":true}]}}