{"id":1476,"date":"2025-03-30T18:12:28","date_gmt":"2025-03-30T18:12:28","guid":{"rendered":"https:\/\/parafiaszczodrowo.pl\/?p=1476"},"modified":"2025-04-15T18:13:53","modified_gmt":"2025-04-15T18:13:53","slug":"zapraszamy-na-kolejne-gorzkie-zale","status":"publish","type":"post","link":"https:\/\/parafiaszczodrowo.pl\/?p=1476","title":{"rendered":"Zapraszamy na kolejne Gorzkie \u017bale"},"content":{"rendered":"\n<p>Przed nami ju\u017c czwarte nabo\u017ce\u0144stwo Gorzkich \u017bali. Serdecznie zapraszamy do wsp\u00f3lnej modlitwy i rozwa\u017ca\u0144 M\u0119ki Pa\u0144skiej.<\/p>\n\n\n\n<p>Kazanie pasyjne g\u0142osi dla nas ks. Krystian Rink ze Skarszew, kt\u00f3ry przybli\u017ca nam Bo\u017ce Mi\u0142osierdzie w Starym Testamencie. To wyj\u0105tkowa okazja, by jeszcze g\u0142\u0119biej prze\u017cy\u0107 czas Wielkiego Postu i przygotowa\u0107 serca na \u015awi\u0119ta Wielkanocne.<\/p>\n\n\n\n<p><img loading=\"lazy\" decoding=\"async\" height=\"16\" width=\"16\" alt=\"&#x1f4cd;\" src=\"https:\/\/static.xx.fbcdn.net\/images\/emoji.php\/v9\/t2d\/1\/16\/1f4cd.png\"> N<a><\/a>iech nie zabraknie nas na tym modlitewnym spotkaniu!<\/p>\n\n\n\n<p><a href=\"https:\/\/www.facebook.com\/hashtag\/gorzkie%C5%BCale?__eep__=6&amp;__cft__[0]=AZWFUqQnZTCS83--ufSMAEn4g_3hLgZ05F-fkuKA_roM150XJ3Zsm6Kr9yJ301XFIH2LAUjQV5G69_4UDuxJOfaHMiYGVGWaeo7u7lvgB7vx1iWzuhdc3nN-n0NYwrbCj2H61jICzf6-guBMm6__ivvDKYJzCpmGJIYalEO-rWAKiTel8REW3EV3tdpBIXBTrL8&amp;__tn__=*NK-R\">#Gorzkie\u017bale<\/a><a href=\"https:\/\/www.facebook.com\/hashtag\/wielkipost?__eep__=6&amp;__cft__[0]=AZWFUqQnZTCS83--ufSMAEn4g_3hLgZ05F-fkuKA_roM150XJ3Zsm6Kr9yJ301XFIH2LAUjQV5G69_4UDuxJOfaHMiYGVGWaeo7u7lvgB7vx1iWzuhdc3nN-n0NYwrbCj2H61jICzf6-guBMm6__ivvDKYJzCpmGJIYalEO-rWAKiTel8REW3EV3tdpBIXBTrL8&amp;__tn__=*NK-R\">#WielkiPost<\/a><a href=\"https:\/\/www.facebook.com\/hashtag\/bo%C5%BCemi%C5%82osierdzie?__eep__=6&amp;__cft__[0]=AZWFUqQnZTCS83--ufSMAEn4g_3hLgZ05F-fkuKA_roM150XJ3Zsm6Kr9yJ301XFIH2LAUjQV5G69_4UDuxJOfaHMiYGVGWaeo7u7lvgB7vx1iWzuhdc3nN-n0NYwrbCj2H61jICzf6-guBMm6__ivvDKYJzCpmGJIYalEO-rWAKiTel8REW3EV3tdpBIXBTrL8&amp;__tn__=*NK-R\">#Bo\u017ceMi\u0142osierdzie<\/a><a href=\"https:\/\/www.facebook.com\/hashtag\/m%C4%99kapa%C5%84ska?__eep__=6&amp;__cft__[0]=AZWFUqQnZTCS83--ufSMAEn4g_3hLgZ05F-fkuKA_roM150XJ3Zsm6Kr9yJ301XFIH2LAUjQV5G69_4UDuxJOfaHMiYGVGWaeo7u7lvgB7vx1iWzuhdc3nN-n0NYwrbCj2H61jICzf6-guBMm6__ivvDKYJzCpmGJIYalEO-rWAKiTel8REW3EV3tdpBIXBTrL8&amp;__tn__=*NK-R\">#M\u0119kaPa\u0144ska<\/a><\/p>\n","protected":false},"excerpt":{"rendered":"<p>Przed nami ju\u017c czwarte nabo\u017ce\u0144stwo Gorzkich \u017bali. Serdecznie zapraszamy do wsp\u00f3lnej modlitwy i rozwa\u017ca\u0144 M\u0119ki Pa\u0144skiej. Kazanie pasyjne g\u0142osi dla nas ks. Krystian Rink ze Skarszew, kt\u00f3ry przybli\u017ca nam Bo\u017ce Mi\u0142osierdzie w Starym Testamencie. To wyj\u0105tkowa okazja, by jeszcze g\u0142\u0119biej prze\u017cy\u0107 czas Wielkiego Postu i przygotowa\u0107 serca na \u015awi\u0119ta Wielkanocne. Niech nie zabraknie nas na &#8230; <span class=\"more\"><a class=\"more-link\" href=\"https:\/\/parafiaszczodrowo.pl\/?p=1476\">[Czytaj wi\u0119cej..]<\/a><\/span><\/p>\n","protected":false},"author":1,"featured_media":1477,"comment_status":"closed","ping_status":"","sticky":false,"template":"","format":"standard","meta":{"footnotes":""},"categories":[1],"tags":[],"class_list":{"0":"entry","1":"post","2":"publish","3":"author-admin","4":"post-1476","6":"format-standard","7":"has-post-thumbnail","8":"category-strona"},"_links":{"self":[{"href":"https:\/\/parafiaszczodrowo.pl\/index.php?rest_route=\/wp\/v2\/posts\/1476","targetHints":{"allow":["GET"]}}],"collection":[{"href":"https:\/\/parafiaszczodrowo.pl\/index.php?rest_route=\/wp\/v2\/posts"}],"about":[{"href":"https:\/\/parafiaszczodrowo.pl\/index.php?rest_route=\/wp\/v2\/types\/post"}],"author":[{"embeddable":true,"href":"https:\/\/parafiaszczodrowo.pl\/index.php?rest_route=\/wp\/v2\/users\/1"}],"replies":[{"embeddable":true,"href":"https:\/\/parafiaszczodrowo.pl\/index.php?rest_route=%2Fwp%2Fv2%2Fcomments&post=1476"}],"version-history":[{"count":1,"href":"https:\/\/parafiaszczodrowo.pl\/index.php?rest_route=\/wp\/v2\/posts\/1476\/revisions"}],"predecessor-version":[{"id":1478,"href":"https:\/\/parafiaszczodrowo.pl\/index.php?rest_route=\/wp\/v2\/posts\/1476\/revisions\/1478"}],"wp:featuredmedia":[{"embeddable":true,"href":"https:\/\/parafiaszczodrowo.pl\/index.php?rest_route=\/wp\/v2\/media\/1477"}],"wp:attachment":[{"href":"https:\/\/parafiaszczodrowo.pl\/index.php?rest_route=%2Fwp%2Fv2%2Fmedia&parent=1476"}],"wp:term":[{"taxonomy":"category","embeddable":true,"href":"https:\/\/parafiaszczodrowo.pl\/index.php?rest_route=%2Fwp%2Fv2%2Fcategories&post=1476"},{"taxonomy":"post_tag","embeddable":true,"href":"https:\/\/parafiaszczodrowo.pl\/index.php?rest_route=%2Fwp%2Fv2%2Ftags&post=1476"}],"curies":[{"name":"wp","href":"https:\/\/api.w.org\/{rel}","templated":true}]}}