{"id":1474,"date":"2025-04-13T18:10:48","date_gmt":"2025-04-13T18:10:48","guid":{"rendered":"https:\/\/parafiaszczodrowo.pl\/?p=1474"},"modified":"2025-04-15T18:11:50","modified_gmt":"2025-04-15T18:11:50","slug":"ogloszenia-z-13-04-2025","status":"publish","type":"post","link":"https:\/\/parafiaszczodrowo.pl\/?p=1474","title":{"rendered":"Og\u0142oszenia z 13.04.2025"},"content":{"rendered":"<p><!--more--><\/p>\n<p style=\"text-align: center;\"><strong>OG\u0141OSZENIA PARAFIALNE<\/strong><\/p>\n<p style=\"text-align: center;\"><strong>NIEDZIELA\u00a0 PALMOWA\u00a0 CZYLI M\u0118KI PA\u0143SKIEJ<\/strong><\/p>\n<p style=\"text-align: center;\">Rok C,\u00a0\u00a0 13.04.2024<\/p>\n<p style=\"text-align: justify;\">\n<ol style=\"text-align: justify;\">\n<li><strong>W dzisiejsz\u0105 Niedziel\u0119 Palmow\u0105, czyli M\u0119ki Pa\u0144skiej<\/strong>, wspominamy uroczysty wjazd Jezusa do Jerozolimy. Na ka\u017cdej Mszy \u015bw. zostan\u0105 po\u015bwi\u0119cone palmy, kt\u00f3re s\u0105 pami\u0105tk\u0105 przywitania Zbawiciela przez lud Izraela jako Kr\u00f3la. Rozpoczyna ona Wielki Tydzie\u0144. Jego sercem, jest \u015awi\u0119te Triduum Paschalne. Jest ono ju\u017c \u015bwi\u0119towaniem jednego i niepodzielnego misterium Chrystusa: m\u0119ki, \u015bmierci i zmartwychwstania. <strong>Co najmniej trudnym do wyobra\u017cenia jest to,\u00a0<\/strong><strong>aby jako chrze\u015bcijanin by\u0107 nieobecnym w Te Dni w ko\u015bciele!<\/strong><\/li>\n<\/ol>\n<p style=\"text-align: justify;\">\n<ol style=\"text-align: justify;\" start=\"2\">\n<li>Dzisiejsza kolekta jest przeznaczona na cele inwestycyjne. Za sk\u0142adane dary B\u00f3g zap\u0142a\u0107.<\/li>\n<\/ol>\n<p style=\"text-align: justify;\">\n<ol style=\"text-align: justify;\" start=\"3\">\n<li>Z ofiar na kwiaty do Grobu Pa\u0144skiego zbieranych podczas Drogi Krzy\u017cowej zebrali\u015bmy 1999z\u0142.<\/li>\n<\/ol>\n<p style=\"text-align: justify;\">\n<ol style=\"text-align: justify;\" start=\"4\">\n<li>Dzisiaj przynosimy skarbonki wielkopostne, do kt\u00f3rych sk\u0142adali\u015bmy ofiary na hospicjum. Mo\u017cna je sk\u0142ada\u0107 do kosza przy o\u0142tarzu lub przynie\u015b\u0107 do zakrystii.<\/li>\n<\/ol>\n<p style=\"text-align: justify;\">\n<ol style=\"text-align: justify;\" start=\"5\">\n<li><strong>Wielki Czwartek<\/strong>, to dzie\u0144 ustanowienia Eucharystii i Sakramentu Kap\u0142a\u0144stwa. <u>Msza \u015awi\u0119ta Wieczerzy Pa\u0144skiej b\u0119dzie o godz. 18.00<\/u>. Po niej, Adoracja Pana Jezusa w Ciemnicy do godz.22.00. Tego dnia od godz. 16.00 szafarz odwiedzi chorych z Naj\u015bwi\u0119tszym Sakramentem.<\/li>\n<\/ol>\n<p style=\"text-align: justify;\">\n<ol style=\"text-align: justify;\" start=\"6\">\n<li><strong>Wielki Pi\u0105tek<\/strong>, Dzie\u0144 M\u0119ki Pa\u0144skiej. Jest to dzie\u0144 w kt\u00f3rym Jezus odda\u0142 za nas \u017cycie na krzy\u017cu. <strong>Tego dnia obowi\u0105zuje POST \u015aCIS\u0141Y<\/strong>, czyli nie jemy pokarm\u00f3w mi\u0119snych i mo\u017cna zje\u015b\u0107 tylko trzy posi\u0142ki, z czego tylko jeden do syta! <u>Tego dnia mo\u017cna uzyska\u0107 odpust zupe\u0142ny za<\/u>: Adoracj\u0119 Krzy\u017ca podczas Liturgii M\u0119ki Pa\u0144skiej, indywidualn\u0105 Drog\u0119 Krzy\u017cow\u0105, po przyj\u0119ciu Komunii \u015awi\u0119tej, za modlitw\u0119 przed wizerunkiem Jezusa Chrystusa Ukrzy\u017cowanego s\u0142owami: \u201e<em>Oto ja, dobry i najs\u0142odszy Jezu&#8230;<\/em>\u201d\u00a0\u00a0 <u>Liturgia M\u0119ki Pa\u0144skiej b\u0119dzie o godz. 18.00<\/u><\/li>\n<\/ol>\n<p style=\"text-align: justify;\">\n<ol style=\"text-align: justify;\" start=\"7\">\n<li>Wielka Sobota, to dzie\u0144 w kt\u00f3rym Pan spoczywa w Grobie, a my oczekujemy Jego bliskiego zmartwychwstania. Tego dnia, nie ma obowi\u0105zku wstrzemi\u0119\u017aliwo\u015bci od pokarm\u00f3w mi\u0119snych i postu ilo\u015bciowego, ale zaleca si\u0119 je jednak, jako przygotowanie do \u015bwi\u0105tecznego posi\u0142ku z pob\u0142ogos\u0142awionych pokarm\u00f3w. <u>Liturgia Wigilii Paschalnej b\u0119dzie o godz. 20.30<\/u><\/li>\n<\/ol>\n<p style=\"text-align: justify;\">\n<ol style=\"text-align: justify;\" start=\"8\">\n<li>W Niedziel\u0119 Zmartwychwstania Pa\u0144skiego 20 kwietnia,<u> Msze \u015bw. b\u0119d\u0105 o godz. 9.00 i 10.30<\/u><\/li>\n<\/ol>\n<p style=\"text-align: justify;\">\n<ol style=\"text-align: justify;\" start=\"9\">\n<li>W Poniedzia\u0142ek Wielkanocny 21 kwietnia, <u>Msze \u015bw. b\u0119d\u0105 o godz. 8.30 i 10.30<\/u><\/li>\n<\/ol>\n<p style=\"text-align: justify;\">\n<ol start=\"10\">\n<li style=\"text-align: justify;\">W zakrystii mo\u017cna odebra\u0107 nowy numer \u201e<em>Pielgrzyma<\/em>\u201d<\/li>\n<\/ol>\n","protected":false},"excerpt":{"rendered":"","protected":false},"author":1,"featured_media":0,"comment_status":"closed","ping_status":"","sticky":false,"template":"","format":"standard","meta":{"footnotes":""},"categories":[2],"tags":[],"class_list":{"0":"entry","1":"post","2":"publish","3":"author-admin","4":"has-more-link","5":"post-1474","7":"format-standard","8":"category-ogloszenia-parafialne"},"_links":{"self":[{"href":"https:\/\/parafiaszczodrowo.pl\/index.php?rest_route=\/wp\/v2\/posts\/1474","targetHints":{"allow":["GET"]}}],"collection":[{"href":"https:\/\/parafiaszczodrowo.pl\/index.php?rest_route=\/wp\/v2\/posts"}],"about":[{"href":"https:\/\/parafiaszczodrowo.pl\/index.php?rest_route=\/wp\/v2\/types\/post"}],"author":[{"embeddable":true,"href":"https:\/\/parafiaszczodrowo.pl\/index.php?rest_route=\/wp\/v2\/users\/1"}],"replies":[{"embeddable":true,"href":"https:\/\/parafiaszczodrowo.pl\/index.php?rest_route=%2Fwp%2Fv2%2Fcomments&post=1474"}],"version-history":[{"count":1,"href":"https:\/\/parafiaszczodrowo.pl\/index.php?rest_route=\/wp\/v2\/posts\/1474\/revisions"}],"predecessor-version":[{"id":1475,"href":"https:\/\/parafiaszczodrowo.pl\/index.php?rest_route=\/wp\/v2\/posts\/1474\/revisions\/1475"}],"wp:attachment":[{"href":"https:\/\/parafiaszczodrowo.pl\/index.php?rest_route=%2Fwp%2Fv2%2Fmedia&parent=1474"}],"wp:term":[{"taxonomy":"category","embeddable":true,"href":"https:\/\/parafiaszczodrowo.pl\/index.php?rest_route=%2Fwp%2Fv2%2Fcategories&post=1474"},{"taxonomy":"post_tag","embeddable":true,"href":"https:\/\/parafiaszczodrowo.pl\/index.php?rest_route=%2Fwp%2Fv2%2Ftags&post=1474"}],"curies":[{"name":"wp","href":"https:\/\/api.w.org\/{rel}","templated":true}]}}