{"id":1411,"date":"2024-12-15T20:50:53","date_gmt":"2024-12-15T20:50:53","guid":{"rendered":"https:\/\/parafiaszczodrowo.pl\/?p=1411"},"modified":"2024-12-22T20:51:46","modified_gmt":"2024-12-22T20:51:46","slug":"radosc-w-naszej-parafii","status":"publish","type":"post","link":"https:\/\/parafiaszczodrowo.pl\/?p=1411","title":{"rendered":"Rado\u015b\u0107 w naszej Parafii!"},"content":{"rendered":"<div class=\"xdj266r x11i5rnm xat24cr x1mh8g0r x1vvkbs x126k92a\">\n<div dir=\"auto\" style=\"text-align: justify;\">Dzi\u015b, 15 grudnia 2024 r., w katedrze pelpli\u0144skiej Biskup Diecezjalny Ryszard Kasyna ustanowi\u0142 50 nowych Nadzwyczajnych Szafarzy Komunii \u015awi\u0119tej. W\u015br\u00f3d nich znalaz\u0142 si\u0119 tak\u017ce przedstawiciel naszej parafii \u2013 Pan Andrzej Freda. <span class=\"html-span xexx8yu x4uap5 x18d9i69 xkhd6sd x1hl2dhg x16tdsg8 x1vvkbs x3nfvp2 x1j61x8r x1fcty0u xdj266r xat24cr xgzva0m xhhsvwb xxymvpz xlup9mm x1kky2od\"><img loading=\"lazy\" decoding=\"async\" class=\"xz74otr\" src=\"https:\/\/static.xx.fbcdn.net\/images\/emoji.php\/v9\/t80\/1\/16\/1f64f.png\" alt=\"&#x1f64f;\" width=\"16\" height=\"16\" \/><\/span><\/div>\n<\/div>\n<div class=\"x11i5rnm xat24cr x1mh8g0r x1vvkbs xtlvy1s x126k92a\" style=\"text-align: justify;\">\n<div dir=\"auto\">Z rado\u015bci\u0105 informujemy, \u017ce od dzisiaj nasza wsp\u00f3lnota ma ju\u017c dw\u00f3ch Nadzwyczajnych Szafarzy Komunii \u015awi\u0119tej! To wielki zaszczyt, ale przede wszystkim odpowiedzialne zadanie, kt\u00f3re wymaga pokory, oddania i g\u0142\u0119bokiej wiary.<\/div>\n<\/div>\n<div class=\"x11i5rnm xat24cr x1mh8g0r x1vvkbs xtlvy1s x126k92a\" style=\"text-align: justify;\">\n<div dir=\"auto\">Serdecznie gratulujemy Panu Andrzejowi i \u017cyczymy wielu \u0142ask Bo\u017cych na tej nowej drodze pos\u0142ugi. Niech Duch \u015awi\u0119ty prowadzi, a Maryja wyprasza potrzebne si\u0142y i wytrwa\u0142o\u015b\u0107.<\/div>\n<\/div>\n<div class=\"x11i5rnm xat24cr x1mh8g0r x1vvkbs xtlvy1s x126k92a\">\n<div dir=\"auto\" style=\"text-align: justify;\">Dzi\u0119kujemy, \u017ce mo\u017cemy wsp\u00f3lnie budowa\u0107 \u017cyw\u0105 wsp\u00f3lnot\u0119 wiary! <span class=\"html-span xexx8yu x4uap5 x18d9i69 xkhd6sd x1hl2dhg x16tdsg8 x1vvkbs x3nfvp2 x1j61x8r x1fcty0u xdj266r xat24cr xgzva0m xhhsvwb xxymvpz xlup9mm x1kky2od\"><img loading=\"lazy\" decoding=\"async\" class=\"xz74otr\" src=\"https:\/\/static.xx.fbcdn.net\/images\/emoji.php\/v9\/t6c\/1\/16\/2764.png\" alt=\"&#x2764;&#xfe0f;\" width=\"16\" height=\"16\" \/><\/span><\/div>\n<\/div>\n","protected":false},"excerpt":{"rendered":"<p>Dzi\u015b, 15 grudnia 2024 r., w katedrze pelpli\u0144skiej Biskup Diecezjalny Ryszard Kasyna ustanowi\u0142 50 nowych Nadzwyczajnych Szafarzy Komunii \u015awi\u0119tej. W\u015br\u00f3d nich znalaz\u0142 si\u0119 tak\u017ce przedstawiciel naszej parafii \u2013 Pan Andrzej Freda. Z rado\u015bci\u0105 informujemy, \u017ce od dzisiaj nasza wsp\u00f3lnota ma ju\u017c dw\u00f3ch Nadzwyczajnych Szafarzy Komunii \u015awi\u0119tej! To wielki zaszczyt, ale przede wszystkim odpowiedzialne zadanie, kt\u00f3re &#8230; <span class=\"more\"><a class=\"more-link\" href=\"https:\/\/parafiaszczodrowo.pl\/?p=1411\">[Czytaj wi\u0119cej..]<\/a><\/span><\/p>\n","protected":false},"author":1,"featured_media":1412,"comment_status":"closed","ping_status":"","sticky":false,"template":"","format":"standard","meta":{"footnotes":""},"categories":[1],"tags":[],"class_list":{"0":"entry","1":"post","2":"publish","3":"author-admin","4":"post-1411","6":"format-standard","7":"has-post-thumbnail","8":"category-strona"},"_links":{"self":[{"href":"https:\/\/parafiaszczodrowo.pl\/index.php?rest_route=\/wp\/v2\/posts\/1411","targetHints":{"allow":["GET"]}}],"collection":[{"href":"https:\/\/parafiaszczodrowo.pl\/index.php?rest_route=\/wp\/v2\/posts"}],"about":[{"href":"https:\/\/parafiaszczodrowo.pl\/index.php?rest_route=\/wp\/v2\/types\/post"}],"author":[{"embeddable":true,"href":"https:\/\/parafiaszczodrowo.pl\/index.php?rest_route=\/wp\/v2\/users\/1"}],"replies":[{"embeddable":true,"href":"https:\/\/parafiaszczodrowo.pl\/index.php?rest_route=%2Fwp%2Fv2%2Fcomments&post=1411"}],"version-history":[{"count":1,"href":"https:\/\/parafiaszczodrowo.pl\/index.php?rest_route=\/wp\/v2\/posts\/1411\/revisions"}],"predecessor-version":[{"id":1413,"href":"https:\/\/parafiaszczodrowo.pl\/index.php?rest_route=\/wp\/v2\/posts\/1411\/revisions\/1413"}],"wp:featuredmedia":[{"embeddable":true,"href":"https:\/\/parafiaszczodrowo.pl\/index.php?rest_route=\/wp\/v2\/media\/1412"}],"wp:attachment":[{"href":"https:\/\/parafiaszczodrowo.pl\/index.php?rest_route=%2Fwp%2Fv2%2Fmedia&parent=1411"}],"wp:term":[{"taxonomy":"category","embeddable":true,"href":"https:\/\/parafiaszczodrowo.pl\/index.php?rest_route=%2Fwp%2Fv2%2Fcategories&post=1411"},{"taxonomy":"post_tag","embeddable":true,"href":"https:\/\/parafiaszczodrowo.pl\/index.php?rest_route=%2Fwp%2Fv2%2Ftags&post=1411"}],"curies":[{"name":"wp","href":"https:\/\/api.w.org\/{rel}","templated":true}]}}