{"id":140,"date":"2018-09-02T17:58:10","date_gmt":"2018-09-02T17:58:10","guid":{"rendered":"http:\/\/parafiaszczodrowo.pl\/?p=140"},"modified":"2021-05-09T08:50:58","modified_gmt":"2021-05-09T08:50:58","slug":"ognisko-dla-dzieci-2","status":"publish","type":"post","link":"https:\/\/parafiaszczodrowo.pl\/?p=140","title":{"rendered":"Ognisko dla dzieci"},"content":{"rendered":"<p style=\"text-align: justify;\">Kilkadziesi\u0105t dzieci i ich opiekunowie w niedzielne popo\u0142udnie wype\u0142ni\u0142o plac przy plebani. To wszystko za spraw\u0105 zorganizowanego przez Ksi\u0119dza Proboszcza Mateusza ogniska na zako\u0144czenie wakacji. Opr\u00f3cz upieczonych na ognisku kie\u0142basek nie zabrak\u0142o oran\u017cady, lod\u00f3w, owoc\u00f3w i innych s\u0142odko\u015bci. By\u0142 te\u017c czas na ma\u0142e zawody w przek\u0142adaniu drzewa, taczki, paj\u0105ki, slalomy rowerem i inne prowadzone przez ksi\u0119dza Mateusza. By\u0142o to niew\u0105tpliwie niezapomniane spotkanie dla dzieci, ale r\u00f3wnie\u017c doros\u0142ych. A ju\u017c jutro o godz. 8.00 Msz\u0105 \u015aw. w naszym ko\u015bciele dzieci i m\u0142odzie\u017c rozpoczn\u0105 kolejny rok nauki. A my w najbli\u017cszym czasie b\u0119dziemy mieli dla wszystkich ma\u0142\u0105 niespodziank\u0119, ale to ju\u017c niebawem.<\/p>\n<p><img loading=\"lazy\" decoding=\"async\" class=\"size-medium wp-image-143 alignleft\" src=\"http:\/\/parafiaszczodrowo.pl\/wp-content\/uploads\/2018\/09\/IMG_20180902_150016-300x225.jpg\" alt=\"\" width=\"300\" height=\"225\" srcset=\"https:\/\/parafiaszczodrowo.pl\/wp-content\/uploads\/2018\/09\/IMG_20180902_150016-300x225.jpg 300w, https:\/\/parafiaszczodrowo.pl\/wp-content\/uploads\/2018\/09\/IMG_20180902_150016-768x576.jpg 768w, https:\/\/parafiaszczodrowo.pl\/wp-content\/uploads\/2018\/09\/IMG_20180902_150016.jpg 1024w\" sizes=\"auto, (max-width: 300px) 100vw, 300px\" \/><\/p>\n<p><img loading=\"lazy\" decoding=\"async\" class=\"size-medium wp-image-144 aligncenter\" src=\"http:\/\/parafiaszczodrowo.pl\/wp-content\/uploads\/2018\/09\/IMG_20180902_150029-300x225.jpg\" alt=\"\" width=\"300\" height=\"225\" srcset=\"https:\/\/parafiaszczodrowo.pl\/wp-content\/uploads\/2018\/09\/IMG_20180902_150029-300x225.jpg 300w, https:\/\/parafiaszczodrowo.pl\/wp-content\/uploads\/2018\/09\/IMG_20180902_150029-768x576.jpg 768w, https:\/\/parafiaszczodrowo.pl\/wp-content\/uploads\/2018\/09\/IMG_20180902_150029.jpg 1024w\" sizes=\"auto, (max-width: 300px) 100vw, 300px\" \/><\/p>\n","protected":false},"excerpt":{"rendered":"<p>Kilkadziesi\u0105t dzieci i ich opiekunowie w niedzielne popo\u0142udnie wype\u0142ni\u0142o plac przy plebani. To wszystko za spraw\u0105 zorganizowanego przez Ksi\u0119dza Proboszcza Mateusza ogniska na zako\u0144czenie wakacji. Opr\u00f3cz upieczonych na ognisku kie\u0142basek nie zabrak\u0142o oran\u017cady, lod\u00f3w, owoc\u00f3w i innych s\u0142odko\u015bci. By\u0142 te\u017c czas na ma\u0142e zawody w przek\u0142adaniu drzewa, taczki, paj\u0105ki, slalomy rowerem i inne prowadzone przez &#8230; <span class=\"more\"><a class=\"more-link\" href=\"https:\/\/parafiaszczodrowo.pl\/?p=140\">[Czytaj wi\u0119cej..]<\/a><\/span><\/p>\n","protected":false},"author":1,"featured_media":145,"comment_status":"closed","ping_status":"open","sticky":false,"template":"","format":"standard","meta":{"footnotes":""},"categories":[1],"tags":[],"class_list":{"0":"entry","1":"post","2":"publish","3":"author-admin","4":"post-140","6":"format-standard","7":"has-post-thumbnail","8":"category-strona"},"_links":{"self":[{"href":"https:\/\/parafiaszczodrowo.pl\/index.php?rest_route=\/wp\/v2\/posts\/140","targetHints":{"allow":["GET"]}}],"collection":[{"href":"https:\/\/parafiaszczodrowo.pl\/index.php?rest_route=\/wp\/v2\/posts"}],"about":[{"href":"https:\/\/parafiaszczodrowo.pl\/index.php?rest_route=\/wp\/v2\/types\/post"}],"author":[{"embeddable":true,"href":"https:\/\/parafiaszczodrowo.pl\/index.php?rest_route=\/wp\/v2\/users\/1"}],"replies":[{"embeddable":true,"href":"https:\/\/parafiaszczodrowo.pl\/index.php?rest_route=%2Fwp%2Fv2%2Fcomments&post=140"}],"version-history":[{"count":5,"href":"https:\/\/parafiaszczodrowo.pl\/index.php?rest_route=\/wp\/v2\/posts\/140\/revisions"}],"predecessor-version":[{"id":149,"href":"https:\/\/parafiaszczodrowo.pl\/index.php?rest_route=\/wp\/v2\/posts\/140\/revisions\/149"}],"wp:featuredmedia":[{"embeddable":true,"href":"https:\/\/parafiaszczodrowo.pl\/index.php?rest_route=\/wp\/v2\/media\/145"}],"wp:attachment":[{"href":"https:\/\/parafiaszczodrowo.pl\/index.php?rest_route=%2Fwp%2Fv2%2Fmedia&parent=140"}],"wp:term":[{"taxonomy":"category","embeddable":true,"href":"https:\/\/parafiaszczodrowo.pl\/index.php?rest_route=%2Fwp%2Fv2%2Fcategories&post=140"},{"taxonomy":"post_tag","embeddable":true,"href":"https:\/\/parafiaszczodrowo.pl\/index.php?rest_route=%2Fwp%2Fv2%2Ftags&post=140"}],"curies":[{"name":"wp","href":"https:\/\/api.w.org\/{rel}","templated":true}]}}