{"id":1009,"date":"2024-02-23T15:49:39","date_gmt":"2024-02-23T15:49:39","guid":{"rendered":"https:\/\/parafiaszczodrowo.pl\/?p=1009"},"modified":"2024-02-27T18:39:33","modified_gmt":"2024-02-27T18:39:33","slug":"zaproszenie-na-rekolekcje-wielkopostne","status":"publish","type":"post","link":"https:\/\/parafiaszczodrowo.pl\/?p=1009","title":{"rendered":"Zaproszenie na Rekolekcje Wielkopostne!"},"content":{"rendered":"<div class=\"xdj266r x11i5rnm xat24cr x1mh8g0r x1vvkbs x126k92a\">\n<div dir=\"auto\" style=\"text-align: justify;\">Z wielk\u0105 rado\u015bci\u0105 serdecznie Was wszystkich zapraszamy na Rekolekcje Wielkopostne, kt\u00f3re odb\u0119d\u0105 si\u0119 od 1 do 3 marca w naszej ukochanej Parafii. <span class=\"x3nfvp2 x1j61x8r x1fcty0u xdj266r xhhsvwb xat24cr xgzva0m xxymvpz xlup9mm x1kky2od\"><img loading=\"lazy\" decoding=\"async\" class=\"xz74otr\" src=\"https:\/\/static.xx.fbcdn.net\/images\/emoji.php\/v9\/te0\/1\/16\/1f31f.png\" alt=\"&#x1f31f;\" width=\"16\" height=\"16\" \/><\/span><span class=\"x3nfvp2 x1j61x8r x1fcty0u xdj266r xhhsvwb xat24cr xgzva0m xxymvpz xlup9mm x1kky2od\"><img loading=\"lazy\" decoding=\"async\" class=\"xz74otr\" src=\"https:\/\/static.xx.fbcdn.net\/images\/emoji.php\/v9\/t64\/1\/16\/1f91d.png\" alt=\"&#x1f91d;\" width=\"16\" height=\"16\" \/><\/span><\/div>\n<div dir=\"auto\"><\/div>\n<\/div>\n<div class=\"x11i5rnm xat24cr x1mh8g0r x1vvkbs xtlvy1s x126k92a\" style=\"text-align: justify;\">\n<div dir=\"auto\"><span class=\"x3nfvp2 x1j61x8r x1fcty0u xdj266r xhhsvwb xat24cr xgzva0m xxymvpz xlup9mm x1kky2od\"><img loading=\"lazy\" decoding=\"async\" class=\"xz74otr\" src=\"https:\/\/static.xx.fbcdn.net\/images\/emoji.php\/v9\/t71\/1\/16\/1f339.png\" alt=\"&#x1f339;\" width=\"16\" height=\"16\" \/><\/span> Rekolekcje jako Czas Duchowej Odnowy<\/div>\n<div dir=\"auto\">Te wyj\u0105tkowe dni b\u0119d\u0105 zarazem czasem renowacji misji, kt\u00f3re niedawno prze\u017cywali\u015bmy. To okazja do zanurzenia si\u0119 w duchowy rozw\u00f3j i wzmocnienie naszej wiary.<\/div>\n<div dir=\"auto\"><\/div>\n<\/div>\n<div class=\"x11i5rnm xat24cr x1mh8g0r x1vvkbs xtlvy1s x126k92a\" style=\"text-align: justify;\">\n<div dir=\"auto\"><span class=\"x3nfvp2 x1j61x8r x1fcty0u xdj266r xhhsvwb xat24cr xgzva0m xxymvpz xlup9mm x1kky2od\"><img loading=\"lazy\" decoding=\"async\" class=\"xz74otr\" src=\"https:\/\/static.xx.fbcdn.net\/images\/emoji.php\/v9\/t2b\/1\/16\/1f399.png\" alt=\"&#x1f399;&#xfe0f;\" width=\"16\" height=\"16\" \/><\/span> Prowadz\u0105cy Rekolekcje O. Marek \u017bychowski z Zakonu Cysters\u00f3w<\/div>\n<div dir=\"auto\">Mi\u0142o nam og\u0142osi\u0107, \u017ce rekolekcje poprowadzi dla nas znany i szanowany O. Marek \u017bychowski z Zakonu Cysters\u00f3w. Jego m\u0105dro\u015b\u0107 i duchowe przes\u0142anie z pewno\u015bci\u0105 wnios\u0105 w nasze serca nowe \u015bwiat\u0142o.<\/div>\n<div dir=\"auto\"><\/div>\n<\/div>\n<div class=\"x11i5rnm xat24cr x1mh8g0r x1vvkbs xtlvy1s x126k92a\" style=\"text-align: justify;\">\n<div dir=\"auto\"><span class=\"x3nfvp2 x1j61x8r x1fcty0u xdj266r xhhsvwb xat24cr xgzva0m xxymvpz xlup9mm x1kky2od\"><img loading=\"lazy\" decoding=\"async\" class=\"xz74otr\" src=\"https:\/\/static.xx.fbcdn.net\/images\/emoji.php\/v9\/tfd\/1\/16\/1f64c.png\" alt=\"&#x1f64c;\" width=\"16\" height=\"16\" \/><\/span> Wsp\u00f3lne Ducha Spotkanie<\/div>\n<div dir=\"auto\">W czasie tych dni mamy szans\u0119 jako wsp\u00f3lnota zbli\u017cy\u0107 si\u0119 do Boga, zg\u0142\u0119bi\u0107 tajemnice Wielkiego Postu i zjednoczy\u0107 si\u0119 w modlitwie.<\/div>\n<div dir=\"auto\"><\/div>\n<\/div>\n<div class=\"x11i5rnm xat24cr x1mh8g0r x1vvkbs xtlvy1s x126k92a\">\n<div dir=\"auto\" style=\"text-align: justify;\"><a class=\"x1i10hfl xjbqb8w x1ejq31n xd10rxx x1sy0etr x17r0tee x972fbf xcfux6l x1qhh985 xm0m39n x9f619 x1ypdohk xt0psk2 xe8uvvx xdj266r x11i5rnm xat24cr x1mh8g0r xexx8yu x4uap5 x18d9i69 xkhd6sd x16tdsg8 x1hl2dhg xggy1nq x1a2a7pz xt0b8zv x1fey0fg xo1l8bm\" tabindex=\"0\" role=\"link\" href=\"https:\/\/www.facebook.com\/hashtag\/rekolekcjewielkopostne?__eep__=6&amp;__cft__[0]=AZVA5d7Ah-BB5cPl1OIhHKNI01hBQE-UKOEWGVhS7Sh-nyxHaqJKra2wxqIiXHRkdtHbEIYBJO2PY_ghWsNngL2eShcOjRepKgNNG-F9Z2IlZwkHa35bCo7y5gkkZMkP8bI&amp;__tn__=*NK-R\" target=\"_blank\" rel=\"noopener\">#RekolekcjeWielkopostne<\/a> <a class=\"x1i10hfl xjbqb8w x1ejq31n xd10rxx x1sy0etr x17r0tee x972fbf xcfux6l x1qhh985 xm0m39n x9f619 x1ypdohk xt0psk2 xe8uvvx xdj266r x11i5rnm xat24cr x1mh8g0r xexx8yu x4uap5 x18d9i69 xkhd6sd x16tdsg8 x1hl2dhg xggy1nq x1a2a7pz xt0b8zv x1fey0fg xo1l8bm\" tabindex=\"0\" role=\"link\" href=\"https:\/\/www.facebook.com\/hashtag\/wielkipost?__eep__=6&amp;__cft__[0]=AZVA5d7Ah-BB5cPl1OIhHKNI01hBQE-UKOEWGVhS7Sh-nyxHaqJKra2wxqIiXHRkdtHbEIYBJO2PY_ghWsNngL2eShcOjRepKgNNG-F9Z2IlZwkHa35bCo7y5gkkZMkP8bI&amp;__tn__=*NK-R\" target=\"_blank\" rel=\"noopener\">#WielkiPost<\/a> <a class=\"x1i10hfl xjbqb8w x1ejq31n xd10rxx x1sy0etr x17r0tee x972fbf xcfux6l x1qhh985 xm0m39n x9f619 x1ypdohk xt0psk2 xe8uvvx xdj266r x11i5rnm xat24cr x1mh8g0r xexx8yu x4uap5 x18d9i69 xkhd6sd x16tdsg8 x1hl2dhg xggy1nq x1a2a7pz xt0b8zv x1fey0fg xo1l8bm\" tabindex=\"0\" role=\"link\" href=\"https:\/\/www.facebook.com\/hashtag\/modlitwa?__eep__=6&amp;__cft__[0]=AZVA5d7Ah-BB5cPl1OIhHKNI01hBQE-UKOEWGVhS7Sh-nyxHaqJKra2wxqIiXHRkdtHbEIYBJO2PY_ghWsNngL2eShcOjRepKgNNG-F9Z2IlZwkHa35bCo7y5gkkZMkP8bI&amp;__tn__=*NK-R\" target=\"_blank\" rel=\"noopener\">#Modlitwa<\/a> <a class=\"x1i10hfl xjbqb8w x1ejq31n xd10rxx x1sy0etr x17r0tee x972fbf xcfux6l x1qhh985 xm0m39n x9f619 x1ypdohk xt0psk2 xe8uvvx xdj266r x11i5rnm xat24cr x1mh8g0r xexx8yu x4uap5 x18d9i69 xkhd6sd x16tdsg8 x1hl2dhg xggy1nq x1a2a7pz xt0b8zv x1fey0fg xo1l8bm\" tabindex=\"0\" role=\"link\" href=\"https:\/\/www.facebook.com\/hashtag\/post?__eep__=6&amp;__cft__[0]=AZVA5d7Ah-BB5cPl1OIhHKNI01hBQE-UKOEWGVhS7Sh-nyxHaqJKra2wxqIiXHRkdtHbEIYBJO2PY_ghWsNngL2eShcOjRepKgNNG-F9Z2IlZwkHa35bCo7y5gkkZMkP8bI&amp;__tn__=*NK-R\" target=\"_blank\" rel=\"noopener\">#Post<\/a> <a class=\"x1i10hfl xjbqb8w x1ejq31n xd10rxx x1sy0etr x17r0tee x972fbf xcfux6l x1qhh985 xm0m39n x9f619 x1ypdohk xt0psk2 xe8uvvx xdj266r x11i5rnm xat24cr x1mh8g0r xexx8yu x4uap5 x18d9i69 xkhd6sd x16tdsg8 x1hl2dhg xggy1nq x1a2a7pz xt0b8zv x1fey0fg xo1l8bm\" tabindex=\"0\" role=\"link\" href=\"https:\/\/www.facebook.com\/hashtag\/ja%C5%82mu%C5%BCna?__eep__=6&amp;__cft__[0]=AZVA5d7Ah-BB5cPl1OIhHKNI01hBQE-UKOEWGVhS7Sh-nyxHaqJKra2wxqIiXHRkdtHbEIYBJO2PY_ghWsNngL2eShcOjRepKgNNG-F9Z2IlZwkHa35bCo7y5gkkZMkP8bI&amp;__tn__=*NK-R\" target=\"_blank\" rel=\"noopener\">#Ja\u0142mu\u017cna<\/a><\/div>\n<div dir=\"auto\" style=\"text-align: justify;\"><a class=\"x1i10hfl xjbqb8w x1ejq31n xd10rxx x1sy0etr x17r0tee x972fbf xcfux6l x1qhh985 xm0m39n x9f619 x1ypdohk xt0psk2 xe8uvvx xdj266r x11i5rnm xat24cr x1mh8g0r xexx8yu x4uap5 x18d9i69 xkhd6sd x16tdsg8 x1hl2dhg xggy1nq x1a2a7pz xt0b8zv x1fey0fg xo1l8bm\" tabindex=\"0\" role=\"link\" href=\"https:\/\/www.facebook.com\/hashtag\/ko%C5%9Bci%C3%B3%C5%82wszczodrowie?__eep__=6&amp;__cft__[0]=AZVA5d7Ah-BB5cPl1OIhHKNI01hBQE-UKOEWGVhS7Sh-nyxHaqJKra2wxqIiXHRkdtHbEIYBJO2PY_ghWsNngL2eShcOjRepKgNNG-F9Z2IlZwkHa35bCo7y5gkkZMkP8bI&amp;__tn__=*NK-R\" target=\"_blank\" rel=\"noopener\">#Ko\u015bci\u00f3\u0142WSzczodrowie<\/a> <a class=\"x1i10hfl xjbqb8w x1ejq31n xd10rxx x1sy0etr x17r0tee x972fbf xcfux6l x1qhh985 xm0m39n x9f619 x1ypdohk xt0psk2 xe8uvvx xdj266r x11i5rnm xat24cr x1mh8g0r xexx8yu x4uap5 x18d9i69 xkhd6sd x16tdsg8 x1hl2dhg xggy1nq x1a2a7pz xt0b8zv x1fey0fg xo1l8bm\" tabindex=\"0\" role=\"link\" href=\"https:\/\/www.facebook.com\/hashtag\/diecezjapelpli%C5%84ska?__eep__=6&amp;__cft__[0]=AZVA5d7Ah-BB5cPl1OIhHKNI01hBQE-UKOEWGVhS7Sh-nyxHaqJKra2wxqIiXHRkdtHbEIYBJO2PY_ghWsNngL2eShcOjRepKgNNG-F9Z2IlZwkHa35bCo7y5gkkZMkP8bI&amp;__tn__=*NK-R\" target=\"_blank\" rel=\"noopener\">#DiecezjaPelpli\u0144ska<\/a> <a class=\"x1i10hfl xjbqb8w x1ejq31n xd10rxx x1sy0etr x17r0tee x972fbf xcfux6l x1qhh985 xm0m39n x9f619 x1ypdohk xt0psk2 xe8uvvx xdj266r x11i5rnm xat24cr x1mh8g0r xexx8yu x4uap5 x18d9i69 xkhd6sd x16tdsg8 x1hl2dhg xggy1nq x1a2a7pz xt0b8zv x1fey0fg xo1l8bm\" tabindex=\"0\" role=\"link\" href=\"https:\/\/www.facebook.com\/hashtag\/najstarszydrewnianyko%C5%9Bci%C3%B3%C5%82?__eep__=6&amp;__cft__[0]=AZVA5d7Ah-BB5cPl1OIhHKNI01hBQE-UKOEWGVhS7Sh-nyxHaqJKra2wxqIiXHRkdtHbEIYBJO2PY_ghWsNngL2eShcOjRepKgNNG-F9Z2IlZwkHa35bCo7y5gkkZMkP8bI&amp;__tn__=*NK-R\" target=\"_blank\" rel=\"noopener\">#najstarszydrewnianyko\u015bci\u00f3\u0142<\/a><\/div>\n<\/div>\n","protected":false},"excerpt":{"rendered":"<p>Z wielk\u0105 rado\u015bci\u0105 serdecznie Was wszystkich zapraszamy na Rekolekcje Wielkopostne, kt\u00f3re odb\u0119d\u0105 si\u0119 od 1 do 3 marca w naszej ukochanej Parafii. Rekolekcje jako Czas Duchowej Odnowy Te wyj\u0105tkowe dni b\u0119d\u0105 zarazem czasem renowacji misji, kt\u00f3re niedawno prze\u017cywali\u015bmy. To okazja do zanurzenia si\u0119 w duchowy rozw\u00f3j i wzmocnienie naszej wiary. Prowadz\u0105cy Rekolekcje O. Marek \u017bychowski &#8230; <span class=\"more\"><a class=\"more-link\" href=\"https:\/\/parafiaszczodrowo.pl\/?p=1009\">[Czytaj wi\u0119cej..]<\/a><\/span><\/p>\n","protected":false},"author":1,"featured_media":1020,"comment_status":"closed","ping_status":"","sticky":false,"template":"","format":"standard","meta":{"footnotes":""},"categories":[1],"tags":[],"class_list":{"0":"entry","1":"post","2":"publish","3":"author-admin","4":"post-1009","6":"format-standard","7":"has-post-thumbnail","8":"category-strona"},"_links":{"self":[{"href":"https:\/\/parafiaszczodrowo.pl\/index.php?rest_route=\/wp\/v2\/posts\/1009","targetHints":{"allow":["GET"]}}],"collection":[{"href":"https:\/\/parafiaszczodrowo.pl\/index.php?rest_route=\/wp\/v2\/posts"}],"about":[{"href":"https:\/\/parafiaszczodrowo.pl\/index.php?rest_route=\/wp\/v2\/types\/post"}],"author":[{"embeddable":true,"href":"https:\/\/parafiaszczodrowo.pl\/index.php?rest_route=\/wp\/v2\/users\/1"}],"replies":[{"embeddable":true,"href":"https:\/\/parafiaszczodrowo.pl\/index.php?rest_route=%2Fwp%2Fv2%2Fcomments&post=1009"}],"version-history":[{"count":1,"href":"https:\/\/parafiaszczodrowo.pl\/index.php?rest_route=\/wp\/v2\/posts\/1009\/revisions"}],"predecessor-version":[{"id":1011,"href":"https:\/\/parafiaszczodrowo.pl\/index.php?rest_route=\/wp\/v2\/posts\/1009\/revisions\/1011"}],"wp:featuredmedia":[{"embeddable":true,"href":"https:\/\/parafiaszczodrowo.pl\/index.php?rest_route=\/wp\/v2\/media\/1020"}],"wp:attachment":[{"href":"https:\/\/parafiaszczodrowo.pl\/index.php?rest_route=%2Fwp%2Fv2%2Fmedia&parent=1009"}],"wp:term":[{"taxonomy":"category","embeddable":true,"href":"https:\/\/parafiaszczodrowo.pl\/index.php?rest_route=%2Fwp%2Fv2%2Fcategories&post=1009"},{"taxonomy":"post_tag","embeddable":true,"href":"https:\/\/parafiaszczodrowo.pl\/index.php?rest_route=%2Fwp%2Fv2%2Ftags&post=1009"}],"curies":[{"name":"wp","href":"https:\/\/api.w.org\/{rel}","templated":true}]}}